{"id":5988,"date":"2019-09-01T07:00:59","date_gmt":"2019-09-01T05:00:59","guid":{"rendered":"http:\/\/www.kle-blatt.de\/blog\/?p=5988"},"modified":"2019-08-08T11:32:43","modified_gmt":"2019-08-08T09:32:43","slug":"das-burgtheater-in-kleve-bei-tag-und-nacht","status":"publish","type":"post","link":"https:\/\/www.kle-blatt.de\/blog\/kleve-in-foto-video\/aus-dem-privatalbum\/das-burgtheater-in-kleve-bei-tag-und-nacht.html","title":{"rendered":"Das Burgtheater in Kleve bei Tag und Nacht"},"content":{"rendered":"<p><strong>Das Burgtheater in Kleve bei Tag und Nacht<\/strong><\/p>\n<p>Eine Klever Institution, an die man gerne zur\u00fcckdenkt:<\/p>\n<p><strong>Das Burgtheater<\/strong><\/p>\n<p>Hier nochmal zwei wundersch\u00f6ne Au\u00dfenaufnahmen des legend\u00e4ren Kinos, die J\u00fcrgen Eickelkamp schoss, kurz bevor das Haus f\u00fcr immer seine Tore auf der Gro\u00dfen Stra\u00dfe schloss und zum Tichelkino im Tichelpark wurde.<br \/>\n<a href=\"http:\/\/www.kle-blatt.de\/blog\/wp-content\/uploads\/2013\/09\/DAS-BTK-ENDE-2002-018.jpg\"><img loading=\"lazy\" decoding=\"async\" class=\"alignleft size-full wp-image-5990\" src=\"http:\/\/www.kle-blatt.de\/blog\/wp-content\/uploads\/2013\/09\/DAS-BTK-ENDE-2002-018.jpg\" alt=\"Das Burgtheater in Kleve bei Tag und Nacht\" width=\"850\" height=\"588\" \/><\/a><br \/>\n<a href=\"http:\/\/www.kle-blatt.de\/blog\/wp-content\/uploads\/2013\/09\/DAS-BTK-ENDE-2002-016.jpg\"><img loading=\"lazy\" decoding=\"async\" class=\"alignleft size-full wp-image-5989\" src=\"http:\/\/www.kle-blatt.de\/blog\/wp-content\/uploads\/2013\/09\/DAS-BTK-ENDE-2002-016.jpg\" alt=\"Das Burgtheater in Kleve bei Tag und Nacht\" width=\"850\" height=\"588\" \/><\/a><br \/>\n(Fotos: J\u00fcrgen Eickelkamp)<\/p>\n","protected":false},"excerpt":{"rendered":"<p>Das Burgtheater in Kleve bei Tag und Nacht Eine Klever Institution, an die man gerne zur\u00fcckdenkt: Das Burgtheater Hier nochmal &hellip; <a href=\"https:\/\/www.kle-blatt.de\/blog\/kleve-in-foto-video\/aus-dem-privatalbum\/das-burgtheater-in-kleve-bei-tag-und-nacht.html\" class=\"more-link\"><span class=\"more-button\">Weiterlesen<span class=\"screen-reader-text\">Das Burgtheater in Kleve bei Tag und Nacht<\/span><\/span><\/a><\/p>\n","protected":false},"author":2,"featured_media":0,"comment_status":"open","ping_status":"closed","sticky":false,"template":"","format":"standard","meta":{"footnotes":""},"categories":[20],"tags":[1257],"class_list":["post-5988","post","type-post","status-publish","format-standard","hentry","category-aus-dem-privatalbum","tag-das-burgtheater-in-kleve-bei-tag-und-nacht"],"_links":{"self":[{"href":"https:\/\/www.kle-blatt.de\/blog\/wp-json\/wp\/v2\/posts\/5988","targetHints":{"allow":["GET"]}}],"collection":[{"href":"https:\/\/www.kle-blatt.de\/blog\/wp-json\/wp\/v2\/posts"}],"about":[{"href":"https:\/\/www.kle-blatt.de\/blog\/wp-json\/wp\/v2\/types\/post"}],"author":[{"embeddable":true,"href":"https:\/\/www.kle-blatt.de\/blog\/wp-json\/wp\/v2\/users\/2"}],"replies":[{"embeddable":true,"href":"https:\/\/www.kle-blatt.de\/blog\/wp-json\/wp\/v2\/comments?post=5988"}],"version-history":[{"count":0,"href":"https:\/\/www.kle-blatt.de\/blog\/wp-json\/wp\/v2\/posts\/5988\/revisions"}],"wp:attachment":[{"href":"https:\/\/www.kle-blatt.de\/blog\/wp-json\/wp\/v2\/media?parent=5988"}],"wp:term":[{"taxonomy":"category","embeddable":true,"href":"https:\/\/www.kle-blatt.de\/blog\/wp-json\/wp\/v2\/categories?post=5988"},{"taxonomy":"post_tag","embeddable":true,"href":"https:\/\/www.kle-blatt.de\/blog\/wp-json\/wp\/v2\/tags?post=5988"}],"curies":[{"name":"wp","href":"https:\/\/api.w.org\/{rel}","templated":true}]}}