{"id":6105,"date":"2024-09-17T06:00:48","date_gmt":"2024-09-17T04:00:48","guid":{"rendered":"http:\/\/www.kle-blatt.de\/blog\/?p=6105"},"modified":"2024-07-23T11:06:28","modified_gmt":"2024-07-23T09:06:28","slug":"das-baugrundstueck-des-klever-kaufhofes","status":"publish","type":"post","link":"https:\/\/www.kle-blatt.de\/blog\/kleve-in-foto-video\/das-baugrundstueck-des-klever-kaufhofes.html","title":{"rendered":"Das Baugrundst\u00fcck des Klever Kaufhofes"},"content":{"rendered":"<p><strong>Das Baugrundst\u00fcck des Klever Kaufhofes<\/strong><\/p>\n<p>Im Jahre 1957 begann man mit dem Neubau des Klever Kaufhofes, nachdem man die zerst\u00f6rten \u00dcberreste des Geb\u00e4udes aus Betonbrocken, Stahltr\u00e4gern und Moniereisen nach schwerer Arbeit mit dem Presslufthammer beseitigt hatte.<br \/>\nIn der tiefen Baugrube fand man noch Blindg\u00e4nger aus dem vernichtenden Weltkrieg und w\u00e4hrend der eineinhalbj\u00e4hrigen Bauzeit zogen die Bauaktivit\u00e4ten Scharen von Schaulustigen an, wie man hier sehen kann.<br \/>\n<a href=\"http:\/\/www.kle-blatt.de\/blog\/wp-content\/uploads\/2013\/09\/kaufhof-neubau-1957.jpg\"><img loading=\"lazy\" decoding=\"async\" class=\"size-full wp-image-6106 aligncenter\" src=\"https:\/\/www.kle-blatt.de\/blog\/wp-content\/uploads\/2013\/09\/kaufhof-neubau-1957.jpg\" alt=\"Das Baugrundst\u00fcck des Klever Kaufhofes\" width=\"850\" height=\"586\" \/><\/a><br \/>\n(Foto: Fritz Getlinger \u2013 mit freundlicher Genehmigung von Frau Katrin Getlinger-Wessing)<\/p>\n","protected":false},"excerpt":{"rendered":"<p>Das Baugrundst\u00fcck des Klever Kaufhofes Im Jahre 1957 begann man mit dem Neubau des Klever Kaufhofes, nachdem man die zerst\u00f6rten &hellip; <a href=\"https:\/\/www.kle-blatt.de\/blog\/kleve-in-foto-video\/das-baugrundstueck-des-klever-kaufhofes.html\" class=\"more-link\"><span class=\"more-button\">Weiterlesen<span class=\"screen-reader-text\">Das Baugrundst\u00fcck des Klever Kaufhofes<\/span><\/span><\/a><\/p>\n","protected":false},"author":2,"featured_media":6106,"comment_status":"closed","ping_status":"closed","sticky":false,"template":"","format":"standard","meta":{"footnotes":""},"categories":[3],"tags":[1282],"class_list":["post-6105","post","type-post","status-publish","format-standard","has-post-thumbnail","hentry","category-kleve-in-foto-video","tag-das-baugrundstueck-des-klever-kaufhofes"],"_links":{"self":[{"href":"https:\/\/www.kle-blatt.de\/blog\/wp-json\/wp\/v2\/posts\/6105","targetHints":{"allow":["GET"]}}],"collection":[{"href":"https:\/\/www.kle-blatt.de\/blog\/wp-json\/wp\/v2\/posts"}],"about":[{"href":"https:\/\/www.kle-blatt.de\/blog\/wp-json\/wp\/v2\/types\/post"}],"author":[{"embeddable":true,"href":"https:\/\/www.kle-blatt.de\/blog\/wp-json\/wp\/v2\/users\/2"}],"replies":[{"embeddable":true,"href":"https:\/\/www.kle-blatt.de\/blog\/wp-json\/wp\/v2\/comments?post=6105"}],"version-history":[{"count":2,"href":"https:\/\/www.kle-blatt.de\/blog\/wp-json\/wp\/v2\/posts\/6105\/revisions"}],"predecessor-version":[{"id":34167,"href":"https:\/\/www.kle-blatt.de\/blog\/wp-json\/wp\/v2\/posts\/6105\/revisions\/34167"}],"wp:featuredmedia":[{"embeddable":true,"href":"https:\/\/www.kle-blatt.de\/blog\/wp-json\/wp\/v2\/media\/6106"}],"wp:attachment":[{"href":"https:\/\/www.kle-blatt.de\/blog\/wp-json\/wp\/v2\/media?parent=6105"}],"wp:term":[{"taxonomy":"category","embeddable":true,"href":"https:\/\/www.kle-blatt.de\/blog\/wp-json\/wp\/v2\/categories?post=6105"},{"taxonomy":"post_tag","embeddable":true,"href":"https:\/\/www.kle-blatt.de\/blog\/wp-json\/wp\/v2\/tags?post=6105"}],"curies":[{"name":"wp","href":"https:\/\/api.w.org\/{rel}","templated":true}]}}