{"id":6119,"date":"2024-09-13T06:10:36","date_gmt":"2024-09-13T04:10:36","guid":{"rendered":"http:\/\/www.kle-blatt.de\/blog\/?p=6119"},"modified":"2024-07-22T14:28:05","modified_gmt":"2024-07-22T12:28:05","slug":"hotel-belle-alliance-oder-zum-goldenen-jan-in-kleve","status":"publish","type":"post","link":"https:\/\/www.kle-blatt.de\/blog\/kleve-in-foto-video\/hotel-belle-alliance-oder-zum-goldenen-jan-in-kleve.html","title":{"rendered":"Hotel Belle Alliance oder Zum Goldenen Jan in Kleve"},"content":{"rendered":"<p><strong>Hotel Belle Alliance oder Zum Goldenen Jan in Kleve<\/strong><\/p>\n<p>Bis zur Zerst\u00f6rung &#8211; wie viele der Prachthotels in Kleve &#8211; im 2.Weltkieg stand dieses wundervolle Hotel &#8222;Belle Alliance&#8220; in Kleve an der Triftstra\u00dfe, wo im Anschluss dann der Gasthof &#8222;Zum Goldenen Jan&#8220; entstand, der den meisten Klevern wohl bekannter ist.<br \/>\nDas prachtvolle Hotel-Restaurant verf\u00fcgte \u00fcber eine absolut sehenswerte Terrasse und geh\u00f6rte derzeit Franz Schulte.<\/p>\n<p><a href=\"http:\/\/www.kle-blatt.de\/blog\/wp-content\/uploads\/2013\/09\/hotel-belle-alliance-24.jpg\"><img loading=\"lazy\" decoding=\"async\" class=\"size-full wp-image-6120 aligncenter\" src=\"https:\/\/www.kle-blatt.de\/blog\/wp-content\/uploads\/2013\/09\/hotel-belle-alliance-24.jpg\" alt=\"Hotel Belle Alliance oder Zum Goldenen Jan in Kleve\" width=\"850\" height=\"519\" \/><\/a><\/p>\n","protected":false},"excerpt":{"rendered":"<p>Hotel Belle Alliance oder Zum Goldenen Jan in Kleve Bis zur Zerst\u00f6rung &#8211; wie viele der Prachthotels in Kleve &#8211; &hellip; <a href=\"https:\/\/www.kle-blatt.de\/blog\/kleve-in-foto-video\/hotel-belle-alliance-oder-zum-goldenen-jan-in-kleve.html\" class=\"more-link\"><span class=\"more-button\">Weiterlesen<span class=\"screen-reader-text\">Hotel Belle Alliance oder Zum Goldenen Jan in Kleve<\/span><\/span><\/a><\/p>\n","protected":false},"author":2,"featured_media":6120,"comment_status":"closed","ping_status":"closed","sticky":false,"template":"","format":"standard","meta":{"footnotes":""},"categories":[3],"tags":[1285],"class_list":["post-6119","post","type-post","status-publish","format-standard","has-post-thumbnail","hentry","category-kleve-in-foto-video","tag-hotel-belle-alliance-oder-zum-goldenen-jan-in-kleve"],"_links":{"self":[{"href":"https:\/\/www.kle-blatt.de\/blog\/wp-json\/wp\/v2\/posts\/6119","targetHints":{"allow":["GET"]}}],"collection":[{"href":"https:\/\/www.kle-blatt.de\/blog\/wp-json\/wp\/v2\/posts"}],"about":[{"href":"https:\/\/www.kle-blatt.de\/blog\/wp-json\/wp\/v2\/types\/post"}],"author":[{"embeddable":true,"href":"https:\/\/www.kle-blatt.de\/blog\/wp-json\/wp\/v2\/users\/2"}],"replies":[{"embeddable":true,"href":"https:\/\/www.kle-blatt.de\/blog\/wp-json\/wp\/v2\/comments?post=6119"}],"version-history":[{"count":2,"href":"https:\/\/www.kle-blatt.de\/blog\/wp-json\/wp\/v2\/posts\/6119\/revisions"}],"predecessor-version":[{"id":34160,"href":"https:\/\/www.kle-blatt.de\/blog\/wp-json\/wp\/v2\/posts\/6119\/revisions\/34160"}],"wp:featuredmedia":[{"embeddable":true,"href":"https:\/\/www.kle-blatt.de\/blog\/wp-json\/wp\/v2\/media\/6120"}],"wp:attachment":[{"href":"https:\/\/www.kle-blatt.de\/blog\/wp-json\/wp\/v2\/media?parent=6119"}],"wp:term":[{"taxonomy":"category","embeddable":true,"href":"https:\/\/www.kle-blatt.de\/blog\/wp-json\/wp\/v2\/categories?post=6119"},{"taxonomy":"post_tag","embeddable":true,"href":"https:\/\/www.kle-blatt.de\/blog\/wp-json\/wp\/v2\/tags?post=6119"}],"curies":[{"name":"wp","href":"https:\/\/api.w.org\/{rel}","templated":true}]}}