{"id":6137,"date":"2022-09-08T05:20:48","date_gmt":"2022-09-08T03:20:48","guid":{"rendered":"http:\/\/www.kle-blatt.de\/blog\/?p=6137"},"modified":"2022-08-09T11:56:11","modified_gmt":"2022-08-09T09:56:11","slug":"boxen-faustkaempfer-in-kleve","status":"publish","type":"post","link":"https:\/\/www.kle-blatt.de\/blog\/kleve-in-foto-video\/boxen-faustkaempfer-in-kleve.html","title":{"rendered":"Boxen &#8211; Faustk\u00e4mpfer in Kleve"},"content":{"rendered":"<p><strong>Boxen &#8211; Faustk\u00e4mpfer in Kleve<\/strong><\/p>\n<p>Das Boxen in Kleve erfreut sich immer gr\u00f6\u00dfer werdender Beliebtheit, nachdem es jahrzehntelang mehr oder weniger ein Schattendasein f\u00fchrte. Auch junge Damen zieht es in den Ring, um sich mit den F\u00e4usten zu messen.<br \/>\nViele\u00a0jungen Menschen wissen vermutlich \u00fcberhaupt nicht, das Kleve \u00fcber eine Box-Tradition verf\u00fcgt.<br \/>\nAuf dem Foto sieht man die Staffel der Klever Faustk\u00e4mpfer &#8222;Schwarz-Wei\u00df&#8220; mit ihrem Trainer Karl Wingels. Sensationell siegte man beim ersten Vergleichskampf im Jahre 1957 \u00fcber den damaligen Club &#8222;Grafschafter Moers&#8220;.<\/p>\n<p><a href=\"http:\/\/www.kle-blatt.de\/blog\/wp-content\/uploads\/2013\/09\/boxstaffel-1957.jpg\"><img loading=\"lazy\" decoding=\"async\" class=\"size-full wp-image-6138 aligncenter\" src=\"https:\/\/www.kle-blatt.de\/blog\/wp-content\/uploads\/2013\/09\/boxstaffel-1957.jpg\" alt=\"Boxen - Faustk\u00e4mpfer in Kleve\" width=\"850\" height=\"565\" \/><\/a><br \/>\n<a href=\"http:\/\/www.kle-blatt.de\/blog\/wp-content\/uploads\/2013\/09\/boxer_throwing_punches_anim_6563.gif\"><img loading=\"lazy\" decoding=\"async\" class=\"alignleft size-full wp-image-6139\" src=\"https:\/\/www.kle-blatt.de\/blog\/wp-content\/uploads\/2013\/09\/boxer_throwing_punches_anim_6563.gif\" alt=\"Boxen - Faustk\u00e4mpfer in Kleve\" width=\"204\" height=\"375\" \/><\/a><\/p>\n<p>(Foto aus: \u201cdamals hatten wir noch Ideale \u201cvon Carl Weinrother u. Eduard Wirths im Verlag f\u00fcr Kultur u. Technik. Im Buchhandel erh\u00e4ltlich)<\/p>\n","protected":false},"excerpt":{"rendered":"<p>Boxen &#8211; Faustk\u00e4mpfer in Kleve Das Boxen in Kleve erfreut sich immer gr\u00f6\u00dfer werdender Beliebtheit, nachdem es jahrzehntelang mehr oder &hellip; <a href=\"https:\/\/www.kle-blatt.de\/blog\/kleve-in-foto-video\/boxen-faustkaempfer-in-kleve.html\" class=\"more-link\"><span class=\"more-button\">Weiterlesen<span class=\"screen-reader-text\">Boxen &#8211; Faustk\u00e4mpfer in Kleve<\/span><\/span><\/a><\/p>\n","protected":false},"author":2,"featured_media":6138,"comment_status":"open","ping_status":"closed","sticky":false,"template":"","format":"standard","meta":{"footnotes":""},"categories":[3,4],"tags":[1290],"class_list":["post-6137","post","type-post","status-publish","format-standard","has-post-thumbnail","hentry","category-kleve-in-foto-video","category-kultur","tag-boxen-faustkaempfer-in-kleve"],"_links":{"self":[{"href":"https:\/\/www.kle-blatt.de\/blog\/wp-json\/wp\/v2\/posts\/6137","targetHints":{"allow":["GET"]}}],"collection":[{"href":"https:\/\/www.kle-blatt.de\/blog\/wp-json\/wp\/v2\/posts"}],"about":[{"href":"https:\/\/www.kle-blatt.de\/blog\/wp-json\/wp\/v2\/types\/post"}],"author":[{"embeddable":true,"href":"https:\/\/www.kle-blatt.de\/blog\/wp-json\/wp\/v2\/users\/2"}],"replies":[{"embeddable":true,"href":"https:\/\/www.kle-blatt.de\/blog\/wp-json\/wp\/v2\/comments?post=6137"}],"version-history":[{"count":2,"href":"https:\/\/www.kle-blatt.de\/blog\/wp-json\/wp\/v2\/posts\/6137\/revisions"}],"predecessor-version":[{"id":30873,"href":"https:\/\/www.kle-blatt.de\/blog\/wp-json\/wp\/v2\/posts\/6137\/revisions\/30873"}],"wp:featuredmedia":[{"embeddable":true,"href":"https:\/\/www.kle-blatt.de\/blog\/wp-json\/wp\/v2\/media\/6138"}],"wp:attachment":[{"href":"https:\/\/www.kle-blatt.de\/blog\/wp-json\/wp\/v2\/media?parent=6137"}],"wp:term":[{"taxonomy":"category","embeddable":true,"href":"https:\/\/www.kle-blatt.de\/blog\/wp-json\/wp\/v2\/categories?post=6137"},{"taxonomy":"post_tag","embeddable":true,"href":"https:\/\/www.kle-blatt.de\/blog\/wp-json\/wp\/v2\/tags?post=6137"}],"curies":[{"name":"wp","href":"https:\/\/api.w.org\/{rel}","templated":true}]}}