{"id":6221,"date":"2022-09-10T05:30:12","date_gmt":"2022-09-10T03:30:12","guid":{"rendered":"http:\/\/www.kle-blatt.de\/blog\/?p=6221"},"modified":"2022-08-20T10:51:11","modified_gmt":"2022-08-20T08:51:11","slug":"der-gasthof-oranienbaum-in-cleve","status":"publish","type":"post","link":"https:\/\/www.kle-blatt.de\/blog\/kleve-in-foto-video\/der-gasthof-oranienbaum-in-cleve.html","title":{"rendered":"\u00dcbernachtung + Fr\u00fchst\u00fcck in Cleve f\u00fcr 1,50 Mark"},"content":{"rendered":"<p><strong>\u00dcbernachtung + Fr\u00fchst\u00fcck in Cleve f\u00fcr 1,50 Mark<\/strong><\/p>\n<p>Direkt am Beginn der Hagschen Stra\u00dfe befand sich der Gasthof &#8222;Oranienbaum&#8220; in Kleve. Rechts erkennt man noch die Mauer vom damaligen Hause Sch\u00fcrings (heute Neue Mitte).<br \/>\nGel\u00e4ufiger war der Gasthof vor Ort unter dem Namen &#8222;Oranjeboom&#8220;. Kost und Logis gab es vor dem ersten Weltkrieg hier bereits ab 1,50 Mark. Das Foto stammt vom zu dieser Zeit\u00a0bekanntesten Fotografen von Cleve &#8211; Ballizany.<\/p>\n<p><a href=\"http:\/\/www.kle-blatt.de\/blog\/wp-content\/uploads\/2013\/09\/gasthof-zum-oranienbaum.jpg\"><img loading=\"lazy\" decoding=\"async\" class=\"size-full wp-image-6222 aligncenter\" src=\"https:\/\/www.kle-blatt.de\/blog\/wp-content\/uploads\/2013\/09\/gasthof-zum-oranienbaum.jpg\" alt=\"\u00dcbernachtung + Fr\u00fchst\u00fcck in Cleve f\u00fcr 1,50 Mark\" width=\"850\" height=\"550\" srcset=\"https:\/\/www.kle-blatt.de\/blog\/wp-content\/uploads\/2013\/09\/gasthof-zum-oranienbaum.jpg 649w, https:\/\/www.kle-blatt.de\/blog\/wp-content\/uploads\/2013\/09\/gasthof-zum-oranienbaum-300x194.jpg 300w\" sizes=\"auto, (max-width: 850px) 100vw, 850px\" \/><\/a><br \/>\n(Mit freundlicher Genehmigung von Klaus Radermacher aus seinem Buch &#8222;Kleve in alten Ansichten&#8220;)<\/p>\n","protected":false},"excerpt":{"rendered":"<p>\u00dcbernachtung + Fr\u00fchst\u00fcck in Cleve f\u00fcr 1,50 Mark Direkt am Beginn der Hagschen Stra\u00dfe befand sich der Gasthof &#8222;Oranienbaum&#8220; in &hellip; <a href=\"https:\/\/www.kle-blatt.de\/blog\/kleve-in-foto-video\/der-gasthof-oranienbaum-in-cleve.html\" class=\"more-link\"><span class=\"more-button\">Weiterlesen<span class=\"screen-reader-text\">\u00dcbernachtung + Fr\u00fchst\u00fcck in Cleve f\u00fcr 1,50 Mark<\/span><\/span><\/a><\/p>\n","protected":false},"author":2,"featured_media":6222,"comment_status":"open","ping_status":"closed","sticky":false,"template":"","format":"standard","meta":{"footnotes":""},"categories":[3],"tags":[5817,5816],"class_list":["post-6221","post","type-post","status-publish","format-standard","has-post-thumbnail","hentry","category-kleve-in-foto-video","tag-50-mark","tag-uebernachtung-fruehstueck-in-cleve-fuer-1"],"_links":{"self":[{"href":"https:\/\/www.kle-blatt.de\/blog\/wp-json\/wp\/v2\/posts\/6221","targetHints":{"allow":["GET"]}}],"collection":[{"href":"https:\/\/www.kle-blatt.de\/blog\/wp-json\/wp\/v2\/posts"}],"about":[{"href":"https:\/\/www.kle-blatt.de\/blog\/wp-json\/wp\/v2\/types\/post"}],"author":[{"embeddable":true,"href":"https:\/\/www.kle-blatt.de\/blog\/wp-json\/wp\/v2\/users\/2"}],"replies":[{"embeddable":true,"href":"https:\/\/www.kle-blatt.de\/blog\/wp-json\/wp\/v2\/comments?post=6221"}],"version-history":[{"count":2,"href":"https:\/\/www.kle-blatt.de\/blog\/wp-json\/wp\/v2\/posts\/6221\/revisions"}],"predecessor-version":[{"id":30884,"href":"https:\/\/www.kle-blatt.de\/blog\/wp-json\/wp\/v2\/posts\/6221\/revisions\/30884"}],"wp:featuredmedia":[{"embeddable":true,"href":"https:\/\/www.kle-blatt.de\/blog\/wp-json\/wp\/v2\/media\/6222"}],"wp:attachment":[{"href":"https:\/\/www.kle-blatt.de\/blog\/wp-json\/wp\/v2\/media?parent=6221"}],"wp:term":[{"taxonomy":"category","embeddable":true,"href":"https:\/\/www.kle-blatt.de\/blog\/wp-json\/wp\/v2\/categories?post=6221"},{"taxonomy":"post_tag","embeddable":true,"href":"https:\/\/www.kle-blatt.de\/blog\/wp-json\/wp\/v2\/tags?post=6221"}],"curies":[{"name":"wp","href":"https:\/\/api.w.org\/{rel}","templated":true}]}}