{"id":6224,"date":"2013-09-30T07:20:27","date_gmt":"2013-09-30T05:20:27","guid":{"rendered":"http:\/\/www.kle-blatt.de\/blog\/?p=6224"},"modified":"2013-09-29T15:45:47","modified_gmt":"2013-09-29T13:45:47","slug":"finale-zum-fotowettbewerb-der-grenzland-draisine","status":"publish","type":"post","link":"https:\/\/www.kle-blatt.de\/blog\/kleve-in-foto-video\/finale-zum-fotowettbewerb-der-grenzland-draisine.html","title":{"rendered":"Finale zum Fotowettbewerb der Grenzland-Draisine"},"content":{"rendered":"<p id=\"zw-13804588728127r8nvi\">Jetzt kann geklickt werden!<\/p>\n<p id=\"zw-1380458872813LNk9QA\">Der Fotowettbewerb der Grenzland-Draisine geht nun in die entscheidende Phase: ab sofort kann auf der Internetseite <a id=\"zw-1380458872813ejvCZm\" href=\"http:\/\/www.grenzland-draisine.eu\">www.grenzland-draisine.eu<\/a> f\u00fcr das sch\u00f6nste Draisinenfoto des Sommers 2013 abgestimmt werden. Fast 100 Fotos sind w\u00e4hrend der Sommerferien eingeschickt worden und inzwischen sind die 10 besten Bilder von einer Jury f\u00fcr die Abstimmung ausgesucht worden. \u201eWir haben so viele tolle Fotos erhalten, dass es uns sehr schwer fiel, uns auf 10 zu reduzieren\u201c so Hubert Kohl, Betriebsleiter der Grenzland-Draisine, der sich bei allen Teilnehmern f\u00fcr die Einsendungen bedankt. Nun sind alle dazu eingeladen, das sch\u00f6nste Draisinenfoto des Sommers zu k\u00fcren. Bis zum 18. Oktober werden die Fotos auf <a id=\"zw-1380458872813IjVi74\" href=\"http:\/\/www.grenzland-draisine.eu\">www.grenzland-draisine.eu<\/a> pr\u00e4sentiert und mit einem Klick kann der Favorit ausgew\u00e4hlt werden. Das Foto mit den meisten Klicks gewinnt als Hauptpreis eine Draisinenfahrt f\u00fcr bis zu 14 Personen inklusive Snacks und Getr\u00e4nke.<\/p>\n<p><a href=\"http:\/\/www.kle-blatt.de\/blog\/wp-content\/uploads\/2013\/09\/Fotowettbewerb.jpg\"><img loading=\"lazy\" decoding=\"async\" class=\"alignleft size-full wp-image-6225\" alt=\"Fotowettbewerb\" src=\"http:\/\/www.kle-blatt.de\/blog\/wp-content\/uploads\/2013\/09\/Fotowettbewerb.jpg\" width=\"650\" height=\"432\" srcset=\"https:\/\/www.kle-blatt.de\/blog\/wp-content\/uploads\/2013\/09\/Fotowettbewerb.jpg 650w, https:\/\/www.kle-blatt.de\/blog\/wp-content\/uploads\/2013\/09\/Fotowettbewerb-300x199.jpg 300w\" sizes=\"auto, (max-width: 650px) 100vw, 650px\" \/><\/a><br \/>\n(Foto: Kleve Tourismus)<\/p>\n","protected":false},"excerpt":{"rendered":"<p>Jetzt kann geklickt werden! Der Fotowettbewerb der Grenzland-Draisine geht nun in die entscheidende Phase: ab sofort kann auf der Internetseite &hellip; <a href=\"https:\/\/www.kle-blatt.de\/blog\/kleve-in-foto-video\/finale-zum-fotowettbewerb-der-grenzland-draisine.html\" class=\"more-link\"><span class=\"more-button\">Weiterlesen<span class=\"screen-reader-text\">Finale zum Fotowettbewerb der Grenzland-Draisine<\/span><\/span><\/a><\/p>\n","protected":false},"author":2,"featured_media":0,"comment_status":"open","ping_status":"closed","sticky":false,"template":"","format":"standard","meta":{"footnotes":""},"categories":[3],"tags":[1312],"class_list":["post-6224","post","type-post","status-publish","format-standard","hentry","category-kleve-in-foto-video","tag-finale-zum-fotowettbewerb-der-grenzland-draisine"],"_links":{"self":[{"href":"https:\/\/www.kle-blatt.de\/blog\/wp-json\/wp\/v2\/posts\/6224","targetHints":{"allow":["GET"]}}],"collection":[{"href":"https:\/\/www.kle-blatt.de\/blog\/wp-json\/wp\/v2\/posts"}],"about":[{"href":"https:\/\/www.kle-blatt.de\/blog\/wp-json\/wp\/v2\/types\/post"}],"author":[{"embeddable":true,"href":"https:\/\/www.kle-blatt.de\/blog\/wp-json\/wp\/v2\/users\/2"}],"replies":[{"embeddable":true,"href":"https:\/\/www.kle-blatt.de\/blog\/wp-json\/wp\/v2\/comments?post=6224"}],"version-history":[{"count":0,"href":"https:\/\/www.kle-blatt.de\/blog\/wp-json\/wp\/v2\/posts\/6224\/revisions"}],"wp:attachment":[{"href":"https:\/\/www.kle-blatt.de\/blog\/wp-json\/wp\/v2\/media?parent=6224"}],"wp:term":[{"taxonomy":"category","embeddable":true,"href":"https:\/\/www.kle-blatt.de\/blog\/wp-json\/wp\/v2\/categories?post=6224"},{"taxonomy":"post_tag","embeddable":true,"href":"https:\/\/www.kle-blatt.de\/blog\/wp-json\/wp\/v2\/tags?post=6224"}],"curies":[{"name":"wp","href":"https:\/\/api.w.org\/{rel}","templated":true}]}}