{"id":6314,"date":"2013-10-05T07:00:30","date_gmt":"2013-10-05T05:00:30","guid":{"rendered":"http:\/\/www.kle-blatt.de\/blog\/?p=6314"},"modified":"2014-08-06T10:03:06","modified_gmt":"2014-08-06T08:03:06","slug":"neue-attraktion-in-kleve","status":"publish","type":"post","link":"https:\/\/www.kle-blatt.de\/blog\/kleve-in-foto-video\/neue-attraktion-in-kleve.html","title":{"rendered":"Neue Attraktion in Kleve?"},"content":{"rendered":"<p><a href=\"http:\/\/www.kle-blatt.de\/blog\/wp-content\/uploads\/2013\/10\/ger\u00fcst.jpg\"><img loading=\"lazy\" decoding=\"async\" class=\"alignleft size-full wp-image-6315\" src=\"http:\/\/www.kle-blatt.de\/blog\/wp-content\/uploads\/2013\/10\/ger\u00fcst.jpg\" alt=\"ger\u00fcst\" width=\"650\" height=\"453\" srcset=\"https:\/\/www.kle-blatt.de\/blog\/wp-content\/uploads\/2013\/10\/ger\u00fcst.jpg 650w, https:\/\/www.kle-blatt.de\/blog\/wp-content\/uploads\/2013\/10\/ger\u00fcst-300x209.jpg 300w\" sizes=\"auto, (max-width: 650px) 100vw, 650px\" \/><\/a><br \/>\n(Foto: Udo Kleinendonk)<br \/>\nEin vielversprechendes Ger\u00fcst entstand auf der Gr\u00fcnfl\u00e4che direkt am Rathaus-Bauplatz. Was sollte dort wohl entstehen, fragten sich viele B\u00fcrgerinnen und B\u00fcrger von Kleve.<br \/>\nNun &#8211; das hier:<br \/>\n<a href=\"http:\/\/www.kle-blatt.de\/blog\/wp-content\/uploads\/2013\/10\/bretterskulptur.jpg\"><img loading=\"lazy\" decoding=\"async\" class=\"alignleft size-full wp-image-6316\" src=\"http:\/\/www.kle-blatt.de\/blog\/wp-content\/uploads\/2013\/10\/bretterskulptur.jpg\" alt=\"OLYMPUS DIGITAL CAMERA\" width=\"650\" height=\"488\" srcset=\"https:\/\/www.kle-blatt.de\/blog\/wp-content\/uploads\/2013\/10\/bretterskulptur.jpg 650w, https:\/\/www.kle-blatt.de\/blog\/wp-content\/uploads\/2013\/10\/bretterskulptur-300x225.jpg 300w\" sizes=\"auto, (max-width: 650px) 100vw, 650px\" \/><\/a><br \/>\n(Foto: KLE-Blatt)<br \/>\nOb es sich jetzt um eine tats\u00e4chliche Attraktion f\u00fcr Kleve handelt, sei mal dahingestellt. M\u00f6glicherweise ist es ja auch noch nicht endg\u00fcltig fertig. Man kommt nicht dahinter, was es bedeuten soll, aber immerhin h\u00e4ngen schon ein paar Zahlen darin herum. Die &#8222;4&#8220; im oberen mittleren Guckloch ist ja zu sehen. \ud83d\ude42<\/p>\n","protected":false},"excerpt":{"rendered":"<p>(Foto: Udo Kleinendonk) Ein vielversprechendes Ger\u00fcst entstand auf der Gr\u00fcnfl\u00e4che direkt am Rathaus-Bauplatz. Was sollte dort wohl entstehen, fragten sich &hellip; <a href=\"https:\/\/www.kle-blatt.de\/blog\/kleve-in-foto-video\/neue-attraktion-in-kleve.html\" class=\"more-link\"><span class=\"more-button\">Weiterlesen<span class=\"screen-reader-text\">Neue Attraktion in Kleve?<\/span><\/span><\/a><\/p>\n","protected":false},"author":2,"featured_media":0,"comment_status":"open","ping_status":"closed","sticky":false,"template":"","format":"standard","meta":{"footnotes":""},"categories":[3],"tags":[1331],"class_list":["post-6314","post","type-post","status-publish","format-standard","hentry","category-kleve-in-foto-video","tag-neue-attraktion-in-kleve"],"_links":{"self":[{"href":"https:\/\/www.kle-blatt.de\/blog\/wp-json\/wp\/v2\/posts\/6314","targetHints":{"allow":["GET"]}}],"collection":[{"href":"https:\/\/www.kle-blatt.de\/blog\/wp-json\/wp\/v2\/posts"}],"about":[{"href":"https:\/\/www.kle-blatt.de\/blog\/wp-json\/wp\/v2\/types\/post"}],"author":[{"embeddable":true,"href":"https:\/\/www.kle-blatt.de\/blog\/wp-json\/wp\/v2\/users\/2"}],"replies":[{"embeddable":true,"href":"https:\/\/www.kle-blatt.de\/blog\/wp-json\/wp\/v2\/comments?post=6314"}],"version-history":[{"count":0,"href":"https:\/\/www.kle-blatt.de\/blog\/wp-json\/wp\/v2\/posts\/6314\/revisions"}],"wp:attachment":[{"href":"https:\/\/www.kle-blatt.de\/blog\/wp-json\/wp\/v2\/media?parent=6314"}],"wp:term":[{"taxonomy":"category","embeddable":true,"href":"https:\/\/www.kle-blatt.de\/blog\/wp-json\/wp\/v2\/categories?post=6314"},{"taxonomy":"post_tag","embeddable":true,"href":"https:\/\/www.kle-blatt.de\/blog\/wp-json\/wp\/v2\/tags?post=6314"}],"curies":[{"name":"wp","href":"https:\/\/api.w.org\/{rel}","templated":true}]}}