{"id":6326,"date":"2022-10-29T06:10:06","date_gmt":"2022-10-29T04:10:06","guid":{"rendered":"http:\/\/www.kle-blatt.de\/blog\/?p=6326"},"modified":"2022-09-23T14:15:17","modified_gmt":"2022-09-23T12:15:17","slug":"die-schranke-auf-der-wasserburgallee-in-kleve","status":"publish","type":"post","link":"https:\/\/www.kle-blatt.de\/blog\/kleve-in-foto-video\/die-schranke-auf-der-wasserburgallee-in-kleve.html","title":{"rendered":"Die Bahnschranke auf der Wasserburgallee in Kleve"},"content":{"rendered":"<p><strong>Die Bahnschranke auf der Wasserburgallee in Kleve<\/strong><\/p>\n<p>Hier, im Jahre 1977, sehen wir noch den Schrankenw\u00e4rter, der auf den Zug von oder in Richtung Nimwegen wartet. Die Strecke war \u00fcbrigens noch bis Sommer 1991 in Betrieb, bevor sie g\u00e4nzlich still gelegt wurde.<\/p>\n<p><a href=\"http:\/\/www.kle-blatt.de\/blog\/wp-content\/uploads\/2013\/10\/schranke-wasserburgallee.jpg\"><img loading=\"lazy\" decoding=\"async\" class=\"size-full wp-image-6327 aligncenter\" src=\"http:\/\/www.kle-blatt.de\/blog\/wp-content\/uploads\/2013\/10\/schranke-wasserburgallee.jpg\" alt=\"Die Bahnschranke auf der Wasserburgallee in Kleve\" width=\"650\" height=\"606\" srcset=\"https:\/\/www.kle-blatt.de\/blog\/wp-content\/uploads\/2013\/10\/schranke-wasserburgallee.jpg 650w, https:\/\/www.kle-blatt.de\/blog\/wp-content\/uploads\/2013\/10\/schranke-wasserburgallee-300x279.jpg 300w\" sizes=\"auto, (max-width: 650px) 100vw, 650px\" \/><\/a><br \/>\n(Foto: Gottfried Evers \/ Peter Janssen \u2013 \u201c1977 im Kleverland\u201d)<\/p>\n","protected":false},"excerpt":{"rendered":"<p>Die Bahnschranke auf der Wasserburgallee in Kleve Hier, im Jahre 1977, sehen wir noch den Schrankenw\u00e4rter, der auf den Zug &hellip; <a href=\"https:\/\/www.kle-blatt.de\/blog\/kleve-in-foto-video\/die-schranke-auf-der-wasserburgallee-in-kleve.html\" class=\"more-link\"><span class=\"more-button\">Weiterlesen<span class=\"screen-reader-text\">Die Bahnschranke auf der Wasserburgallee in Kleve<\/span><\/span><\/a><\/p>\n","protected":false},"author":2,"featured_media":6327,"comment_status":"open","ping_status":"closed","sticky":false,"template":"","format":"standard","meta":{"footnotes":""},"categories":[3],"tags":[1335],"class_list":["post-6326","post","type-post","status-publish","format-standard","has-post-thumbnail","hentry","category-kleve-in-foto-video","tag-die-schranke-auf-der-wasserburgallee-in-kleve"],"_links":{"self":[{"href":"https:\/\/www.kle-blatt.de\/blog\/wp-json\/wp\/v2\/posts\/6326","targetHints":{"allow":["GET"]}}],"collection":[{"href":"https:\/\/www.kle-blatt.de\/blog\/wp-json\/wp\/v2\/posts"}],"about":[{"href":"https:\/\/www.kle-blatt.de\/blog\/wp-json\/wp\/v2\/types\/post"}],"author":[{"embeddable":true,"href":"https:\/\/www.kle-blatt.de\/blog\/wp-json\/wp\/v2\/users\/2"}],"replies":[{"embeddable":true,"href":"https:\/\/www.kle-blatt.de\/blog\/wp-json\/wp\/v2\/comments?post=6326"}],"version-history":[{"count":1,"href":"https:\/\/www.kle-blatt.de\/blog\/wp-json\/wp\/v2\/posts\/6326\/revisions"}],"predecessor-version":[{"id":31035,"href":"https:\/\/www.kle-blatt.de\/blog\/wp-json\/wp\/v2\/posts\/6326\/revisions\/31035"}],"wp:featuredmedia":[{"embeddable":true,"href":"https:\/\/www.kle-blatt.de\/blog\/wp-json\/wp\/v2\/media\/6327"}],"wp:attachment":[{"href":"https:\/\/www.kle-blatt.de\/blog\/wp-json\/wp\/v2\/media?parent=6326"}],"wp:term":[{"taxonomy":"category","embeddable":true,"href":"https:\/\/www.kle-blatt.de\/blog\/wp-json\/wp\/v2\/categories?post=6326"},{"taxonomy":"post_tag","embeddable":true,"href":"https:\/\/www.kle-blatt.de\/blog\/wp-json\/wp\/v2\/tags?post=6326"}],"curies":[{"name":"wp","href":"https:\/\/api.w.org\/{rel}","templated":true}]}}