{"id":6333,"date":"2024-10-21T07:00:47","date_gmt":"2024-10-21T05:00:47","guid":{"rendered":"http:\/\/www.kle-blatt.de\/blog\/?p=6333"},"modified":"2024-08-22T12:36:33","modified_gmt":"2024-08-22T10:36:33","slug":"die-montagestrasse-der-schuhfabrik-gustav-hoffmann-in-kleve","status":"publish","type":"post","link":"https:\/\/www.kle-blatt.de\/blog\/kleve-in-foto-video\/die-montagestrasse-der-schuhfabrik-gustav-hoffmann-in-kleve.html","title":{"rendered":"Gekannt? Die Montagestra\u00dfe der Schuhfabrik Gustav Hoffmann"},"content":{"rendered":"<p><strong>Gekannt? Die Montagestra\u00dfe der Schuhfabrik Gustav Hoffmann<\/strong><\/p>\n<p>Zahlreiche flei\u00dfigen H\u00e4nde waren notwendig, um auf der Montagestra\u00dfe in sinnvoller Arbeitsteilung den Kinderschuhen am Ende der Produktionsphase die endg\u00fcltige Form zu geben.<br \/>\nAn Design und Farbgebung der Schuhe sieht man, wie damals die Schuhmode f\u00fcr Kinder verstanden wurde.<\/p>\n<p><a href=\"http:\/\/www.kle-blatt.de\/blog\/wp-content\/uploads\/2013\/10\/endproduktion-94.jpg\"><img loading=\"lazy\" decoding=\"async\" class=\"size-full wp-image-6334 aligncenter\" src=\"https:\/\/www.kle-blatt.de\/blog\/wp-content\/uploads\/2013\/10\/endproduktion-94.jpg\" alt=\"Gekannt? Die Montagestra\u00dfe der Schuhfabrik Gustav Hoffmann\" width=\"850\" height=\"934\" \/><\/a><br \/>\n(Fotos aus: \u201cGrosses Werk f\u00fcr kleine F\u00fc\u00dfe\u201d von Heinz Todtmann)<\/p>\n","protected":false},"excerpt":{"rendered":"<p>Gekannt? Die Montagestra\u00dfe der Schuhfabrik Gustav Hoffmann Zahlreiche flei\u00dfigen H\u00e4nde waren notwendig, um auf der Montagestra\u00dfe in sinnvoller Arbeitsteilung den &hellip; <a href=\"https:\/\/www.kle-blatt.de\/blog\/kleve-in-foto-video\/die-montagestrasse-der-schuhfabrik-gustav-hoffmann-in-kleve.html\" class=\"more-link\"><span class=\"more-button\">Weiterlesen<span class=\"screen-reader-text\">Gekannt? Die Montagestra\u00dfe der Schuhfabrik Gustav Hoffmann<\/span><\/span><\/a><\/p>\n","protected":false},"author":2,"featured_media":6334,"comment_status":"closed","ping_status":"closed","sticky":false,"template":"","format":"standard","meta":{"footnotes":""},"categories":[3],"tags":[1334],"class_list":["post-6333","post","type-post","status-publish","format-standard","has-post-thumbnail","hentry","category-kleve-in-foto-video","tag-die-montagestrasse-der-schuhfabrik-gustav-hoffmann-in-kleve"],"_links":{"self":[{"href":"https:\/\/www.kle-blatt.de\/blog\/wp-json\/wp\/v2\/posts\/6333","targetHints":{"allow":["GET"]}}],"collection":[{"href":"https:\/\/www.kle-blatt.de\/blog\/wp-json\/wp\/v2\/posts"}],"about":[{"href":"https:\/\/www.kle-blatt.de\/blog\/wp-json\/wp\/v2\/types\/post"}],"author":[{"embeddable":true,"href":"https:\/\/www.kle-blatt.de\/blog\/wp-json\/wp\/v2\/users\/2"}],"replies":[{"embeddable":true,"href":"https:\/\/www.kle-blatt.de\/blog\/wp-json\/wp\/v2\/comments?post=6333"}],"version-history":[{"count":1,"href":"https:\/\/www.kle-blatt.de\/blog\/wp-json\/wp\/v2\/posts\/6333\/revisions"}],"predecessor-version":[{"id":27634,"href":"https:\/\/www.kle-blatt.de\/blog\/wp-json\/wp\/v2\/posts\/6333\/revisions\/27634"}],"wp:featuredmedia":[{"embeddable":true,"href":"https:\/\/www.kle-blatt.de\/blog\/wp-json\/wp\/v2\/media\/6334"}],"wp:attachment":[{"href":"https:\/\/www.kle-blatt.de\/blog\/wp-json\/wp\/v2\/media?parent=6333"}],"wp:term":[{"taxonomy":"category","embeddable":true,"href":"https:\/\/www.kle-blatt.de\/blog\/wp-json\/wp\/v2\/categories?post=6333"},{"taxonomy":"post_tag","embeddable":true,"href":"https:\/\/www.kle-blatt.de\/blog\/wp-json\/wp\/v2\/tags?post=6333"}],"curies":[{"name":"wp","href":"https:\/\/api.w.org\/{rel}","templated":true}]}}