{"id":6336,"date":"2013-10-06T07:00:29","date_gmt":"2013-10-06T05:00:29","guid":{"rendered":"http:\/\/www.kle-blatt.de\/blog\/?p=6336"},"modified":"2015-09-02T10:06:37","modified_gmt":"2015-09-02T08:06:37","slug":"der-minoritenplatz-in-kleve","status":"publish","type":"post","link":"https:\/\/www.kle-blatt.de\/blog\/kleve-in-foto-video\/der-minoritenplatz-in-kleve.html","title":{"rendered":"Der Minoritenplatz in Kleve"},"content":{"rendered":"<p>Noch stellt sich der Minoritenplatz in Kleve so dar, obwohl sich in n\u00e4herer Zukunft wohl unweigerlich etwas ver\u00e4ndern wird. Was, ist noch nicht abschlie\u00dfend gekl\u00e4rt, aber sein Gesicht wird er verlieren.<\/p>\n<p><a href=\"http:\/\/www.kle-blatt.de\/blog\/wp-content\/uploads\/2013\/10\/minoritenplatz.jpg\"><img loading=\"lazy\" decoding=\"async\" class=\"alignleft size-full wp-image-6337\" src=\"http:\/\/www.kle-blatt.de\/blog\/wp-content\/uploads\/2013\/10\/minoritenplatz.jpg\" alt=\"minoritenplatz\" width=\"650\" height=\"322\" \/><\/a><\/p>\n<p>(Foto: Udo Kleinendonk)<\/p>\n","protected":false},"excerpt":{"rendered":"<p>Noch stellt sich der Minoritenplatz in Kleve so dar, obwohl sich in n\u00e4herer Zukunft wohl unweigerlich etwas ver\u00e4ndern wird. Was, &hellip; <a href=\"https:\/\/www.kle-blatt.de\/blog\/kleve-in-foto-video\/der-minoritenplatz-in-kleve.html\" class=\"more-link\"><span class=\"more-button\">Weiterlesen<span class=\"screen-reader-text\">Der Minoritenplatz in Kleve<\/span><\/span><\/a><\/p>\n","protected":false},"author":2,"featured_media":0,"comment_status":"open","ping_status":"closed","sticky":false,"template":"","format":"standard","meta":{"footnotes":""},"categories":[3],"tags":[1336],"class_list":["post-6336","post","type-post","status-publish","format-standard","hentry","category-kleve-in-foto-video","tag-der-minoritenplatz-in-kleve"],"_links":{"self":[{"href":"https:\/\/www.kle-blatt.de\/blog\/wp-json\/wp\/v2\/posts\/6336","targetHints":{"allow":["GET"]}}],"collection":[{"href":"https:\/\/www.kle-blatt.de\/blog\/wp-json\/wp\/v2\/posts"}],"about":[{"href":"https:\/\/www.kle-blatt.de\/blog\/wp-json\/wp\/v2\/types\/post"}],"author":[{"embeddable":true,"href":"https:\/\/www.kle-blatt.de\/blog\/wp-json\/wp\/v2\/users\/2"}],"replies":[{"embeddable":true,"href":"https:\/\/www.kle-blatt.de\/blog\/wp-json\/wp\/v2\/comments?post=6336"}],"version-history":[{"count":0,"href":"https:\/\/www.kle-blatt.de\/blog\/wp-json\/wp\/v2\/posts\/6336\/revisions"}],"wp:attachment":[{"href":"https:\/\/www.kle-blatt.de\/blog\/wp-json\/wp\/v2\/media?parent=6336"}],"wp:term":[{"taxonomy":"category","embeddable":true,"href":"https:\/\/www.kle-blatt.de\/blog\/wp-json\/wp\/v2\/categories?post=6336"},{"taxonomy":"post_tag","embeddable":true,"href":"https:\/\/www.kle-blatt.de\/blog\/wp-json\/wp\/v2\/tags?post=6336"}],"curies":[{"name":"wp","href":"https:\/\/api.w.org\/{rel}","templated":true}]}}