{"id":6342,"date":"2023-10-07T06:00:49","date_gmt":"2023-10-07T04:00:49","guid":{"rendered":"http:\/\/www.kle-blatt.de\/blog\/?p=6342"},"modified":"2023-08-22T10:40:13","modified_gmt":"2023-08-22T08:40:13","slug":"die-prachtstrasse-lindenallee-in-kleve","status":"publish","type":"post","link":"https:\/\/www.kle-blatt.de\/blog\/kleve-in-foto-video\/die-prachtstrasse-lindenallee-in-kleve.html","title":{"rendered":"Die ehemalige Prachtstra\u00dfe Lindenallee in Kleve"},"content":{"rendered":"<p><strong>Die ehemalige Prachtstra\u00dfe Lindenallee in Kleve<\/strong><\/p>\n<p>Die Lindenallee in Kleve geh\u00f6rte einst zu den pr\u00e4chtigsten Stra\u00dfen im Kurort. Das Promenieren unter den m\u00e4chtigen und schattigen Linden, von denen die Stra\u00dfe ihren Namen hat, war &#8211; wie auf dem Bild im Jahre 1912 &#8211; ein beeindruckendes Erlebnis. Gro\u00dfz\u00fcgige Parkanlagen und prunkvolle Villen pr\u00e4gten das Stra\u00dfenbild, was j\u00e4h unterbrochen wurde, als die Stra\u00dfenbahn-Linie Cleve-Bedburg-Hau er\u00f6ffnet wurde und f\u00fcr unangenehme St\u00f6rger\u00e4usche sorgte. Im Bild sieht man, wie die &#8222;Elektrische&#8220; sich gerade n\u00e4hert.<br \/>\n<a href=\"http:\/\/www.kle-blatt.de\/blog\/wp-content\/uploads\/2013\/10\/lindenallee-43.jpg\"><img loading=\"lazy\" decoding=\"async\" class=\"size-full wp-image-6343 aligncenter\" src=\"https:\/\/www.kle-blatt.de\/blog\/wp-content\/uploads\/2013\/10\/lindenallee-43.jpg\" alt=\"Die ehemalige Prachtstra\u00dfe Lindenallee in Kleve\" width=\"850\" height=\"513\" \/><\/a><br \/>\n(Mit freundlicher Genehmigung von Klaus Radermacher aus seinem Buch &#8222;Bad Cleve in Photographien um die Jahrhundertwende&#8220;)<\/p>\n","protected":false},"excerpt":{"rendered":"<p>Die ehemalige Prachtstra\u00dfe Lindenallee in Kleve Die Lindenallee in Kleve geh\u00f6rte einst zu den pr\u00e4chtigsten Stra\u00dfen im Kurort. Das Promenieren &hellip; <a href=\"https:\/\/www.kle-blatt.de\/blog\/kleve-in-foto-video\/die-prachtstrasse-lindenallee-in-kleve.html\" class=\"more-link\"><span class=\"more-button\">Weiterlesen<span class=\"screen-reader-text\">Die ehemalige Prachtstra\u00dfe Lindenallee in Kleve<\/span><\/span><\/a><\/p>\n","protected":false},"author":2,"featured_media":6343,"comment_status":"closed","ping_status":"closed","sticky":false,"template":"","format":"standard","meta":{"footnotes":""},"categories":[3],"tags":[2477],"class_list":["post-6342","post","type-post","status-publish","format-standard","has-post-thumbnail","hentry","category-kleve-in-foto-video","tag-die-ehemalige-prachtstrasse-lindenallee-in-kleve"],"_links":{"self":[{"href":"https:\/\/www.kle-blatt.de\/blog\/wp-json\/wp\/v2\/posts\/6342","targetHints":{"allow":["GET"]}}],"collection":[{"href":"https:\/\/www.kle-blatt.de\/blog\/wp-json\/wp\/v2\/posts"}],"about":[{"href":"https:\/\/www.kle-blatt.de\/blog\/wp-json\/wp\/v2\/types\/post"}],"author":[{"embeddable":true,"href":"https:\/\/www.kle-blatt.de\/blog\/wp-json\/wp\/v2\/users\/2"}],"replies":[{"embeddable":true,"href":"https:\/\/www.kle-blatt.de\/blog\/wp-json\/wp\/v2\/comments?post=6342"}],"version-history":[{"count":1,"href":"https:\/\/www.kle-blatt.de\/blog\/wp-json\/wp\/v2\/posts\/6342\/revisions"}],"predecessor-version":[{"id":32641,"href":"https:\/\/www.kle-blatt.de\/blog\/wp-json\/wp\/v2\/posts\/6342\/revisions\/32641"}],"wp:featuredmedia":[{"embeddable":true,"href":"https:\/\/www.kle-blatt.de\/blog\/wp-json\/wp\/v2\/media\/6343"}],"wp:attachment":[{"href":"https:\/\/www.kle-blatt.de\/blog\/wp-json\/wp\/v2\/media?parent=6342"}],"wp:term":[{"taxonomy":"category","embeddable":true,"href":"https:\/\/www.kle-blatt.de\/blog\/wp-json\/wp\/v2\/categories?post=6342"},{"taxonomy":"post_tag","embeddable":true,"href":"https:\/\/www.kle-blatt.de\/blog\/wp-json\/wp\/v2\/tags?post=6342"}],"curies":[{"name":"wp","href":"https:\/\/api.w.org\/{rel}","templated":true}]}}