{"id":6491,"date":"2018-10-08T07:00:35","date_gmt":"2018-10-08T05:00:35","guid":{"rendered":"http:\/\/www.kle-blatt.de\/blog\/?p=6491"},"modified":"2018-09-29T14:07:57","modified_gmt":"2018-09-29T12:07:57","slug":"klever-denkmaeler-im-lichte-der-nacht","status":"publish","type":"post","link":"https:\/\/www.kle-blatt.de\/blog\/kleve-in-foto-video\/klever-denkmaeler-im-lichte-der-nacht.html","title":{"rendered":"Klever Denkmale im Lichte der Nacht"},"content":{"rendered":"<p><strong>Klever Denkmale im Lichte der Nacht<\/strong><\/p>\n<p>Der gro\u00dfe K\u00fcnstler Barend Cornelis Koekkoek schaut bed\u00e4chtig bei n\u00e4chtlicher Illumination auf sein ehemaliges Haus, in dem heute das\u00a0Museum beheimatet ist.<br \/>\n<a href=\"http:\/\/www.kle-blatt.de\/blog\/wp-content\/uploads\/2013\/10\/koekkoek.jpg\"><img loading=\"lazy\" decoding=\"async\" class=\"size-full wp-image-6492 aligncenter\" src=\"http:\/\/www.kle-blatt.de\/blog\/wp-content\/uploads\/2013\/10\/koekkoek.jpg\" alt=\"Klever Denkm\u00e4ler im Lichte der Nacht\" width=\"650\" height=\"875\" srcset=\"https:\/\/www.kle-blatt.de\/blog\/wp-content\/uploads\/2013\/10\/koekkoek.jpg 650w, https:\/\/www.kle-blatt.de\/blog\/wp-content\/uploads\/2013\/10\/koekkoek-222x300.jpg 222w\" sizes=\"auto, (max-width: 650px) 100vw, 650px\" \/><\/a><\/p>\n<p>Der gro\u00dfe Kurf\u00fcrst strahlt auch bei Dunkelheit seine Wucht und Faszination aus im Angesicht der Schwanenburg.<br \/>\n<a href=\"http:\/\/www.kle-blatt.de\/blog\/wp-content\/uploads\/2013\/10\/kurf\u00fcrst.jpg\"><img loading=\"lazy\" decoding=\"async\" class=\"size-full wp-image-6493 aligncenter\" src=\"http:\/\/www.kle-blatt.de\/blog\/wp-content\/uploads\/2013\/10\/kurf\u00fcrst.jpg\" alt=\"Klever Denkm\u00e4ler im Lichte der Nacht\" width=\"650\" height=\"893\" srcset=\"https:\/\/www.kle-blatt.de\/blog\/wp-content\/uploads\/2013\/10\/kurf\u00fcrst.jpg 650w, https:\/\/www.kle-blatt.de\/blog\/wp-content\/uploads\/2013\/10\/kurf\u00fcrst-218x300.jpg 218w\" sizes=\"auto, (max-width: 650px) 100vw, 650px\" \/><\/a><br \/>\n(Fotos: Maro Fotodesign)<\/p>\n","protected":false},"excerpt":{"rendered":"<p>Klever Denkmale im Lichte der Nacht Der gro\u00dfe K\u00fcnstler Barend Cornelis Koekkoek schaut bed\u00e4chtig bei n\u00e4chtlicher Illumination auf sein ehemaliges &hellip; <a href=\"https:\/\/www.kle-blatt.de\/blog\/kleve-in-foto-video\/klever-denkmaeler-im-lichte-der-nacht.html\" class=\"more-link\"><span class=\"more-button\">Weiterlesen<span class=\"screen-reader-text\">Klever Denkmale im Lichte der Nacht<\/span><\/span><\/a><\/p>\n","protected":false},"author":2,"featured_media":0,"comment_status":"open","ping_status":"closed","sticky":false,"template":"","format":"standard","meta":{"footnotes":""},"categories":[3],"tags":[4799,1374],"class_list":["post-6491","post","type-post","status-publish","format-standard","hentry","category-kleve-in-foto-video","tag-denkmale","tag-klever-denkmaeler-im-lichte-der-nacht"],"_links":{"self":[{"href":"https:\/\/www.kle-blatt.de\/blog\/wp-json\/wp\/v2\/posts\/6491","targetHints":{"allow":["GET"]}}],"collection":[{"href":"https:\/\/www.kle-blatt.de\/blog\/wp-json\/wp\/v2\/posts"}],"about":[{"href":"https:\/\/www.kle-blatt.de\/blog\/wp-json\/wp\/v2\/types\/post"}],"author":[{"embeddable":true,"href":"https:\/\/www.kle-blatt.de\/blog\/wp-json\/wp\/v2\/users\/2"}],"replies":[{"embeddable":true,"href":"https:\/\/www.kle-blatt.de\/blog\/wp-json\/wp\/v2\/comments?post=6491"}],"version-history":[{"count":0,"href":"https:\/\/www.kle-blatt.de\/blog\/wp-json\/wp\/v2\/posts\/6491\/revisions"}],"wp:attachment":[{"href":"https:\/\/www.kle-blatt.de\/blog\/wp-json\/wp\/v2\/media?parent=6491"}],"wp:term":[{"taxonomy":"category","embeddable":true,"href":"https:\/\/www.kle-blatt.de\/blog\/wp-json\/wp\/v2\/categories?post=6491"},{"taxonomy":"post_tag","embeddable":true,"href":"https:\/\/www.kle-blatt.de\/blog\/wp-json\/wp\/v2\/tags?post=6491"}],"curies":[{"name":"wp","href":"https:\/\/api.w.org\/{rel}","templated":true}]}}