{"id":6500,"date":"2022-10-25T06:00:02","date_gmt":"2022-10-25T04:00:02","guid":{"rendered":"http:\/\/www.kle-blatt.de\/blog\/?p=6500"},"modified":"2022-09-23T14:10:27","modified_gmt":"2022-09-23T12:10:27","slug":"der-klever-herbst-ein-virtuoser-maler","status":"publish","type":"post","link":"https:\/\/www.kle-blatt.de\/blog\/kleve-in-foto-video\/aus-dem-privatalbum\/der-klever-herbst-ein-virtuoser-maler.html","title":{"rendered":"Der Klever Herbst &#8211; ein virtuoser Maler"},"content":{"rendered":"<p><strong>Der Klever Herbst &#8211; ein virtuoser Maler<\/strong><\/p>\n<p>Man sollte dem Herbst auch die sch\u00f6nen Seiten abgewinnen. Vor allem, wenn er die Bl\u00e4tter der B\u00e4ume in kr\u00e4ftige Farben taucht, die einen umwerfenden Anblick gestatten.<\/p>\n<p><a href=\"http:\/\/www.kle-blatt.de\/blog\/wp-content\/uploads\/2013\/10\/herbstlaub.jpg\"><img loading=\"lazy\" decoding=\"async\" class=\"size-full wp-image-11806 aligncenter\" src=\"https:\/\/www.kle-blatt.de\/blog\/wp-content\/uploads\/2013\/10\/herbstlaub.jpg\" alt=\"Der Klever Herbst - ein virtuoser Maler\" width=\"850\" height=\"1275\" srcset=\"https:\/\/www.kle-blatt.de\/blog\/wp-content\/uploads\/2013\/10\/herbstlaub.jpg 650w, https:\/\/www.kle-blatt.de\/blog\/wp-content\/uploads\/2013\/10\/herbstlaub-200x300.jpg 200w\" sizes=\"auto, (max-width: 850px) 100vw, 850px\" \/><\/a><br \/>\n(Foto: Meik W\u00e4chter)<\/p>\n<p><a href=\"http:\/\/www.kle-blatt.de\/blog\/wp-content\/uploads\/2013\/10\/herbstbaum.jpg\"><img loading=\"lazy\" decoding=\"async\" class=\"size-full wp-image-6501 aligncenter\" src=\"https:\/\/www.kle-blatt.de\/blog\/wp-content\/uploads\/2013\/10\/herbstbaum.jpg\" alt=\"Der Klever Herbst - ein virtuoser Maler\" width=\"850\" height=\"1271\" srcset=\"https:\/\/www.kle-blatt.de\/blog\/wp-content\/uploads\/2013\/10\/herbstbaum.jpg 650w, https:\/\/www.kle-blatt.de\/blog\/wp-content\/uploads\/2013\/10\/herbstbaum-200x300.jpg 200w\" sizes=\"auto, (max-width: 850px) 100vw, 850px\" \/><\/a><br \/>\n(Foto: Udo Kleinendonk)<\/p>\n<p>In tausenden von Farbnuancen kann man das Laub jetzt bewundern. Ein Spaziergang durch den Forstgarten in Kleve ist momentan ein wahres Erlebnis.<\/p>\n<p><a href=\"http:\/\/www.kle-blatt.de\/blog\/wp-content\/uploads\/2013\/10\/herbstbl\u00e4tter.jpg\"><img loading=\"lazy\" decoding=\"async\" class=\"size-full wp-image-6502 aligncenter\" src=\"https:\/\/www.kle-blatt.de\/blog\/wp-content\/uploads\/2013\/10\/herbstbl\u00e4tter.jpg\" alt=\"Der Klever Herbst - ein virtuoser Maler\" width=\"850\" height=\"532\" \/><\/a><br \/>\n(Foto: Udo Kleinendonk)<\/p>\n","protected":false},"excerpt":{"rendered":"<p>Der Klever Herbst &#8211; ein virtuoser Maler Man sollte dem Herbst auch die sch\u00f6nen Seiten abgewinnen. Vor allem, wenn er &hellip; <a href=\"https:\/\/www.kle-blatt.de\/blog\/kleve-in-foto-video\/aus-dem-privatalbum\/der-klever-herbst-ein-virtuoser-maler.html\" class=\"more-link\"><span class=\"more-button\">Weiterlesen<span class=\"screen-reader-text\">Der Klever Herbst &#8211; ein virtuoser Maler<\/span><\/span><\/a><\/p>\n","protected":false},"author":2,"featured_media":11806,"comment_status":"open","ping_status":"closed","sticky":false,"template":"","format":"standard","meta":{"footnotes":""},"categories":[20],"tags":[1376],"class_list":["post-6500","post","type-post","status-publish","format-standard","has-post-thumbnail","hentry","category-aus-dem-privatalbum","tag-der-klever-herbst-ein-virtuoser-maler"],"_links":{"self":[{"href":"https:\/\/www.kle-blatt.de\/blog\/wp-json\/wp\/v2\/posts\/6500","targetHints":{"allow":["GET"]}}],"collection":[{"href":"https:\/\/www.kle-blatt.de\/blog\/wp-json\/wp\/v2\/posts"}],"about":[{"href":"https:\/\/www.kle-blatt.de\/blog\/wp-json\/wp\/v2\/types\/post"}],"author":[{"embeddable":true,"href":"https:\/\/www.kle-blatt.de\/blog\/wp-json\/wp\/v2\/users\/2"}],"replies":[{"embeddable":true,"href":"https:\/\/www.kle-blatt.de\/blog\/wp-json\/wp\/v2\/comments?post=6500"}],"version-history":[{"count":2,"href":"https:\/\/www.kle-blatt.de\/blog\/wp-json\/wp\/v2\/posts\/6500\/revisions"}],"predecessor-version":[{"id":31030,"href":"https:\/\/www.kle-blatt.de\/blog\/wp-json\/wp\/v2\/posts\/6500\/revisions\/31030"}],"wp:featuredmedia":[{"embeddable":true,"href":"https:\/\/www.kle-blatt.de\/blog\/wp-json\/wp\/v2\/media\/11806"}],"wp:attachment":[{"href":"https:\/\/www.kle-blatt.de\/blog\/wp-json\/wp\/v2\/media?parent=6500"}],"wp:term":[{"taxonomy":"category","embeddable":true,"href":"https:\/\/www.kle-blatt.de\/blog\/wp-json\/wp\/v2\/categories?post=6500"},{"taxonomy":"post_tag","embeddable":true,"href":"https:\/\/www.kle-blatt.de\/blog\/wp-json\/wp\/v2\/tags?post=6500"}],"curies":[{"name":"wp","href":"https:\/\/api.w.org\/{rel}","templated":true}]}}