{"id":6531,"date":"2022-10-24T06:10:36","date_gmt":"2022-10-24T04:10:36","guid":{"rendered":"http:\/\/www.kle-blatt.de\/blog\/?p=6531"},"modified":"2022-09-23T13:16:06","modified_gmt":"2022-09-23T11:16:06","slug":"stoerche-ueber-dem-rathaus-in-kleve","status":"publish","type":"post","link":"https:\/\/www.kle-blatt.de\/blog\/kleve-in-foto-video\/aus-dem-privatalbum\/stoerche-ueber-dem-rathaus-in-kleve.html","title":{"rendered":"St\u00f6rche \u00fcber dem Rathaus in Kleve"},"content":{"rendered":"<p><strong>St\u00f6rche \u00fcber dem Rathaus in Kleve<\/strong><\/p>\n<p>Einer alten Sage zufolge bringen St\u00f6rche ja die kleinen Babies. Haben sie die immer zum Rathaus einer Stadt gebracht? Oder sind die gro\u00dfen V\u00f6gel nerv\u00f6s geworden ob der Tatsache, dass das Klever Rathaus in 2013 einfach abgerissen wurde? Wie sonst l\u00e4sst sich das Kreisen gleich mehrere Adebars damals an diesem Ort erkl\u00e4ren?<\/p>\n<p><a href=\"http:\/\/www.kle-blatt.de\/blog\/wp-content\/uploads\/2013\/10\/st\u00f6rche-\u00fcber-rathaus1.jpg\"><img loading=\"lazy\" decoding=\"async\" class=\"size-full wp-image-6533 aligncenter\" src=\"https:\/\/www.kle-blatt.de\/blog\/wp-content\/uploads\/2013\/10\/st\u00f6rche-\u00fcber-rathaus1.jpg\" alt=\"St\u00f6rche \u00fcber dem Rathaus in Kleve\" width=\"850\" height=\"1177\" \/><\/a><br \/>\n(Foto: Udo Kleinendonk)<\/p>\n","protected":false},"excerpt":{"rendered":"<p>St\u00f6rche \u00fcber dem Rathaus in Kleve Einer alten Sage zufolge bringen St\u00f6rche ja die kleinen Babies. Haben sie die immer &hellip; <a href=\"https:\/\/www.kle-blatt.de\/blog\/kleve-in-foto-video\/aus-dem-privatalbum\/stoerche-ueber-dem-rathaus-in-kleve.html\" class=\"more-link\"><span class=\"more-button\">Weiterlesen<span class=\"screen-reader-text\">St\u00f6rche \u00fcber dem Rathaus in Kleve<\/span><\/span><\/a><\/p>\n","protected":false},"author":2,"featured_media":6533,"comment_status":"open","ping_status":"closed","sticky":false,"template":"","format":"standard","meta":{"footnotes":""},"categories":[20],"tags":[1383],"class_list":["post-6531","post","type-post","status-publish","format-standard","has-post-thumbnail","hentry","category-aus-dem-privatalbum","tag-stoerche-ueber-dem-rathaus-in-kleve"],"_links":{"self":[{"href":"https:\/\/www.kle-blatt.de\/blog\/wp-json\/wp\/v2\/posts\/6531","targetHints":{"allow":["GET"]}}],"collection":[{"href":"https:\/\/www.kle-blatt.de\/blog\/wp-json\/wp\/v2\/posts"}],"about":[{"href":"https:\/\/www.kle-blatt.de\/blog\/wp-json\/wp\/v2\/types\/post"}],"author":[{"embeddable":true,"href":"https:\/\/www.kle-blatt.de\/blog\/wp-json\/wp\/v2\/users\/2"}],"replies":[{"embeddable":true,"href":"https:\/\/www.kle-blatt.de\/blog\/wp-json\/wp\/v2\/comments?post=6531"}],"version-history":[{"count":2,"href":"https:\/\/www.kle-blatt.de\/blog\/wp-json\/wp\/v2\/posts\/6531\/revisions"}],"predecessor-version":[{"id":31028,"href":"https:\/\/www.kle-blatt.de\/blog\/wp-json\/wp\/v2\/posts\/6531\/revisions\/31028"}],"wp:featuredmedia":[{"embeddable":true,"href":"https:\/\/www.kle-blatt.de\/blog\/wp-json\/wp\/v2\/media\/6533"}],"wp:attachment":[{"href":"https:\/\/www.kle-blatt.de\/blog\/wp-json\/wp\/v2\/media?parent=6531"}],"wp:term":[{"taxonomy":"category","embeddable":true,"href":"https:\/\/www.kle-blatt.de\/blog\/wp-json\/wp\/v2\/categories?post=6531"},{"taxonomy":"post_tag","embeddable":true,"href":"https:\/\/www.kle-blatt.de\/blog\/wp-json\/wp\/v2\/tags?post=6531"}],"curies":[{"name":"wp","href":"https:\/\/api.w.org\/{rel}","templated":true}]}}