{"id":6573,"date":"2024-10-23T06:00:47","date_gmt":"2024-10-23T04:00:47","guid":{"rendered":"http:\/\/www.kle-blatt.de\/blog\/?p=6573"},"modified":"2024-08-22T11:26:41","modified_gmt":"2024-08-22T09:26:41","slug":"der-schwan-das-badeblatt-fuer-bad-cleve","status":"publish","type":"post","link":"https:\/\/www.kle-blatt.de\/blog\/werbung-gestern-heute\/der-schwan-das-badeblatt-fuer-bad-cleve.html","title":{"rendered":"&#8222;Der Schwan&#8220; &#8211; Das Badeblatt f\u00fcr Bad Cleve"},"content":{"rendered":"<p><strong>&#8222;Der Schwan&#8220; &#8211; Das Badeblatt f\u00fcr Bad Cleve<\/strong><\/p>\n<p>Von 1876 bis 1914 erschien diese Informationsschrift f\u00fcr die Kurg\u00e4ste der Stadt Cleve einmal im Jahr.<br \/>\nEs enthielt die wichtigsten Infos und Hinweise f\u00fcr die G\u00e4ste, sei es ein st\u00e4dtsches Hotelverzeichnis, Transportm\u00f6glichkeiten, kulturelle Angebote oder auch die Liste \u00f6rtlicher \u00c4rzte und Institutionen zur Heilkur oder der medizinischen Versorgung. Das Logo des Schwans mit der Rose im Schnabel wurde derzeit vom Fotografen Ewald Steiger entworfen.<\/p>\n<p><a href=\"http:\/\/www.kle-blatt.de\/blog\/wp-content\/uploads\/2013\/10\/der-schwan.jpg\"><img loading=\"lazy\" decoding=\"async\" class=\"size-full wp-image-6574 aligncenter\" src=\"https:\/\/www.kle-blatt.de\/blog\/wp-content\/uploads\/2013\/10\/der-schwan.jpg\" alt=\"Der Schwan - Das Badeblatt f\u00fcr Bad Cleve\" width=\"849\" height=\"441\" \/><\/a><\/p>\n","protected":false},"excerpt":{"rendered":"<p>&#8222;Der Schwan&#8220; &#8211; Das Badeblatt f\u00fcr Bad Cleve Von 1876 bis 1914 erschien diese Informationsschrift f\u00fcr die Kurg\u00e4ste der Stadt &hellip; <a href=\"https:\/\/www.kle-blatt.de\/blog\/werbung-gestern-heute\/der-schwan-das-badeblatt-fuer-bad-cleve.html\" class=\"more-link\"><span class=\"more-button\">Weiterlesen<span class=\"screen-reader-text\">&#8222;Der Schwan&#8220; &#8211; Das Badeblatt f\u00fcr Bad Cleve<\/span><\/span><\/a><\/p>\n","protected":false},"author":2,"featured_media":6574,"comment_status":"closed","ping_status":"closed","sticky":false,"template":"","format":"standard","meta":{"footnotes":""},"categories":[19],"tags":[1395],"class_list":["post-6573","post","type-post","status-publish","format-standard","has-post-thumbnail","hentry","category-werbung-gestern-heute","tag-der-schwan-das-badeblatt-fuer-bad-cleve"],"_links":{"self":[{"href":"https:\/\/www.kle-blatt.de\/blog\/wp-json\/wp\/v2\/posts\/6573","targetHints":{"allow":["GET"]}}],"collection":[{"href":"https:\/\/www.kle-blatt.de\/blog\/wp-json\/wp\/v2\/posts"}],"about":[{"href":"https:\/\/www.kle-blatt.de\/blog\/wp-json\/wp\/v2\/types\/post"}],"author":[{"embeddable":true,"href":"https:\/\/www.kle-blatt.de\/blog\/wp-json\/wp\/v2\/users\/2"}],"replies":[{"embeddable":true,"href":"https:\/\/www.kle-blatt.de\/blog\/wp-json\/wp\/v2\/comments?post=6573"}],"version-history":[{"count":2,"href":"https:\/\/www.kle-blatt.de\/blog\/wp-json\/wp\/v2\/posts\/6573\/revisions"}],"predecessor-version":[{"id":34312,"href":"https:\/\/www.kle-blatt.de\/blog\/wp-json\/wp\/v2\/posts\/6573\/revisions\/34312"}],"wp:featuredmedia":[{"embeddable":true,"href":"https:\/\/www.kle-blatt.de\/blog\/wp-json\/wp\/v2\/media\/6574"}],"wp:attachment":[{"href":"https:\/\/www.kle-blatt.de\/blog\/wp-json\/wp\/v2\/media?parent=6573"}],"wp:term":[{"taxonomy":"category","embeddable":true,"href":"https:\/\/www.kle-blatt.de\/blog\/wp-json\/wp\/v2\/categories?post=6573"},{"taxonomy":"post_tag","embeddable":true,"href":"https:\/\/www.kle-blatt.de\/blog\/wp-json\/wp\/v2\/tags?post=6573"}],"curies":[{"name":"wp","href":"https:\/\/api.w.org\/{rel}","templated":true}]}}