{"id":6691,"date":"2014-10-29T07:20:37","date_gmt":"2014-10-29T05:20:37","guid":{"rendered":"http:\/\/www.kle-blatt.de\/blog\/?p=6691"},"modified":"2014-09-15T11:32:01","modified_gmt":"2014-09-15T09:32:01","slug":"die-groesste-ruine-von-kleve","status":"publish","type":"post","link":"https:\/\/www.kle-blatt.de\/blog\/kleve-in-foto-video\/die-groesste-ruine-von-kleve.html","title":{"rendered":"Die gr\u00f6\u00dfte Ruine von Kleve"},"content":{"rendered":"<p><strong>Die gr\u00f6\u00dfte Ruine von Kleve<\/strong><\/p>\n<p>Hier sehen wir die gr\u00f6\u00dfte Ruine von Kleve. Das ehemalige Gel\u00e4nde mit den teilweise bereits abgerissenen Geb\u00e4uden der Margarine-Union in Kellen.<br \/>\nBei n\u00e4herem Hintreten vor Ort kann man deutlich erkennen, dass hier eine Trennung s\u00e4mtlicher ehemals verbauter Stoffe vorgenommen wird. Schwerstarbeit. Und das noch auf unabsehbare Zeit. Vermutlich.<br \/>\n<a href=\"http:\/\/www.kle-blatt.de\/blog\/wp-content\/uploads\/2013\/10\/ruine-union.jpg\"><img loading=\"lazy\" decoding=\"async\" class=\"alignleft size-full wp-image-6692\" src=\"http:\/\/www.kle-blatt.de\/blog\/wp-content\/uploads\/2013\/10\/ruine-union.jpg\" alt=\"ruine union\" width=\"649\" height=\"427\" srcset=\"https:\/\/www.kle-blatt.de\/blog\/wp-content\/uploads\/2013\/10\/ruine-union.jpg 649w, https:\/\/www.kle-blatt.de\/blog\/wp-content\/uploads\/2013\/10\/ruine-union-300x197.jpg 300w\" sizes=\"auto, (max-width: 649px) 100vw, 649px\" \/><\/a><a href=\"http:\/\/www.kle-blatt.de\/blog\/wp-content\/uploads\/2013\/10\/ruine-union1.jpg\"><img loading=\"lazy\" decoding=\"async\" class=\"alignleft size-full wp-image-6693\" src=\"http:\/\/www.kle-blatt.de\/blog\/wp-content\/uploads\/2013\/10\/ruine-union1.jpg\" alt=\"ruine union1\" width=\"650\" height=\"415\" srcset=\"https:\/\/www.kle-blatt.de\/blog\/wp-content\/uploads\/2013\/10\/ruine-union1.jpg 650w, https:\/\/www.kle-blatt.de\/blog\/wp-content\/uploads\/2013\/10\/ruine-union1-300x191.jpg 300w\" sizes=\"auto, (max-width: 650px) 100vw, 650px\" \/><\/a><br \/>\n(Fotos: Udo Kleinendonk)<br \/>\nEin Bild mit Symbolcharakter. Im Hintergrund die Schwanenburg und die Spitzen der Stiftskirche als sichtbares und sehenswertes Attribut Klever Geschichte. Im Vordergrund die \u00dcberreste eines Teiles der gleichen Geschichte.<\/p>\n","protected":false},"excerpt":{"rendered":"<p>Die gr\u00f6\u00dfte Ruine von Kleve Hier sehen wir die gr\u00f6\u00dfte Ruine von Kleve. Das ehemalige Gel\u00e4nde mit den teilweise bereits &hellip; <a href=\"https:\/\/www.kle-blatt.de\/blog\/kleve-in-foto-video\/die-groesste-ruine-von-kleve.html\" class=\"more-link\"><span class=\"more-button\">Weiterlesen<span class=\"screen-reader-text\">Die gr\u00f6\u00dfte Ruine von Kleve<\/span><\/span><\/a><\/p>\n","protected":false},"author":2,"featured_media":6693,"comment_status":"open","ping_status":"closed","sticky":false,"template":"","format":"standard","meta":{"footnotes":""},"categories":[3],"tags":[1427],"class_list":["post-6691","post","type-post","status-publish","format-standard","has-post-thumbnail","hentry","category-kleve-in-foto-video","tag-die-groesste-ruine-von-kleve"],"_links":{"self":[{"href":"https:\/\/www.kle-blatt.de\/blog\/wp-json\/wp\/v2\/posts\/6691","targetHints":{"allow":["GET"]}}],"collection":[{"href":"https:\/\/www.kle-blatt.de\/blog\/wp-json\/wp\/v2\/posts"}],"about":[{"href":"https:\/\/www.kle-blatt.de\/blog\/wp-json\/wp\/v2\/types\/post"}],"author":[{"embeddable":true,"href":"https:\/\/www.kle-blatt.de\/blog\/wp-json\/wp\/v2\/users\/2"}],"replies":[{"embeddable":true,"href":"https:\/\/www.kle-blatt.de\/blog\/wp-json\/wp\/v2\/comments?post=6691"}],"version-history":[{"count":0,"href":"https:\/\/www.kle-blatt.de\/blog\/wp-json\/wp\/v2\/posts\/6691\/revisions"}],"wp:featuredmedia":[{"embeddable":true,"href":"https:\/\/www.kle-blatt.de\/blog\/wp-json\/wp\/v2\/media\/6693"}],"wp:attachment":[{"href":"https:\/\/www.kle-blatt.de\/blog\/wp-json\/wp\/v2\/media?parent=6691"}],"wp:term":[{"taxonomy":"category","embeddable":true,"href":"https:\/\/www.kle-blatt.de\/blog\/wp-json\/wp\/v2\/categories?post=6691"},{"taxonomy":"post_tag","embeddable":true,"href":"https:\/\/www.kle-blatt.de\/blog\/wp-json\/wp\/v2\/tags?post=6691"}],"curies":[{"name":"wp","href":"https:\/\/api.w.org\/{rel}","templated":true}]}}