{"id":6750,"date":"2016-11-07T07:20:45","date_gmt":"2016-11-07T05:20:45","guid":{"rendered":"http:\/\/www.kle-blatt.de\/blog\/?p=6750"},"modified":"2016-10-24T10:55:57","modified_gmt":"2016-10-24T08:55:57","slug":"das-kapuzinerkloster-in-kleve","status":"publish","type":"post","link":"https:\/\/www.kle-blatt.de\/blog\/kleve-in-foto-video\/das-kapuzinerkloster-in-kleve.html","title":{"rendered":"Spyckkl\u00f6sterchen &#8211; Das Kapuzinerkloster in Kleve"},"content":{"rendered":"<p><strong>Spyckkl\u00f6sterchen &#8211; Das Kapuzinerkloster in Kleve<\/strong><\/p>\n<p>Auf dieser alten Aufnahme sieht man noch viel Wiesen, Felder und T\u00fcmpel in der Gegend um das Kapuzinerkloster in Kleve, das von der Bev\u00f6lkerung auch unter dem Namen &#8222;Spyckkl\u00f6sterchen&#8220; bekannt ist.<\/p>\n<p>Wir sehen links im Vordergrund den Rindernschen Deich, wo sich heute Wohnsiedlungen und Industrieviertel befinden.<\/p>\n<p><a href=\"http:\/\/www.kle-blatt.de\/blog\/wp-content\/uploads\/2013\/10\/kapuzinerkloster-137.jpg\"><img loading=\"lazy\" decoding=\"async\" class=\"alignleft size-full wp-image-6751\" src=\"http:\/\/www.kle-blatt.de\/blog\/wp-content\/uploads\/2013\/10\/kapuzinerkloster-137.jpg\" alt=\"kapuzinerkloster 137\" width=\"850\" height=\"522\" \/><\/a><br \/>\n(Mit freundlicher Genehmigung von Klaus Radermacher aus seinem Buch &#8222;Bad Cleve in Photographien um die Jahrhundertwende&#8220;)<\/p>\n","protected":false},"excerpt":{"rendered":"<p>Spyckkl\u00f6sterchen &#8211; Das Kapuzinerkloster in Kleve Auf dieser alten Aufnahme sieht man noch viel Wiesen, Felder und T\u00fcmpel in der &hellip; <a href=\"https:\/\/www.kle-blatt.de\/blog\/kleve-in-foto-video\/das-kapuzinerkloster-in-kleve.html\" class=\"more-link\"><span class=\"more-button\">Weiterlesen<span class=\"screen-reader-text\">Spyckkl\u00f6sterchen &#8211; Das Kapuzinerkloster in Kleve<\/span><\/span><\/a><\/p>\n","protected":false},"author":2,"featured_media":0,"comment_status":"open","ping_status":"closed","sticky":false,"template":"","format":"standard","meta":{"footnotes":""},"categories":[3],"tags":[1437,2521],"class_list":["post-6750","post","type-post","status-publish","format-standard","hentry","category-kleve-in-foto-video","tag-das-kapuzinerkloster-in-kleve","tag-spyckkloesterchen-das-kapuzinerkloster-in-kleve"],"_links":{"self":[{"href":"https:\/\/www.kle-blatt.de\/blog\/wp-json\/wp\/v2\/posts\/6750","targetHints":{"allow":["GET"]}}],"collection":[{"href":"https:\/\/www.kle-blatt.de\/blog\/wp-json\/wp\/v2\/posts"}],"about":[{"href":"https:\/\/www.kle-blatt.de\/blog\/wp-json\/wp\/v2\/types\/post"}],"author":[{"embeddable":true,"href":"https:\/\/www.kle-blatt.de\/blog\/wp-json\/wp\/v2\/users\/2"}],"replies":[{"embeddable":true,"href":"https:\/\/www.kle-blatt.de\/blog\/wp-json\/wp\/v2\/comments?post=6750"}],"version-history":[{"count":0,"href":"https:\/\/www.kle-blatt.de\/blog\/wp-json\/wp\/v2\/posts\/6750\/revisions"}],"wp:attachment":[{"href":"https:\/\/www.kle-blatt.de\/blog\/wp-json\/wp\/v2\/media?parent=6750"}],"wp:term":[{"taxonomy":"category","embeddable":true,"href":"https:\/\/www.kle-blatt.de\/blog\/wp-json\/wp\/v2\/categories?post=6750"},{"taxonomy":"post_tag","embeddable":true,"href":"https:\/\/www.kle-blatt.de\/blog\/wp-json\/wp\/v2\/tags?post=6750"}],"curies":[{"name":"wp","href":"https:\/\/api.w.org\/{rel}","templated":true}]}}