{"id":6868,"date":"2023-11-09T06:10:00","date_gmt":"2023-11-09T04:10:00","guid":{"rendered":"http:\/\/www.kle-blatt.de\/blog\/?p=6868"},"modified":"2023-10-06T10:29:26","modified_gmt":"2023-10-06T08:29:26","slug":"der-martinszug-durch-kleve","status":"publish","type":"post","link":"https:\/\/www.kle-blatt.de\/blog\/kleve-in-foto-video\/der-martinszug-durch-kleve.html","title":{"rendered":"Der Martinszug durch Kleve"},"content":{"rendered":"<p><strong>Der Martinszug durch Kleve<\/strong><\/p>\n<p>Mitte der F\u00fcnfziger war die Teilnahme der Kinder beim Martinszug sicher noch etwas gr\u00f6\u00dfer, als es heute der Fall ist. Hier sehen wir den Fackelzug, der gerade das Bekleidungshaus Doherr auf der Seite der Kavariner Stra\u00dfe passiert.<br \/>\nIn diesem Jahr 2017 zieht der Martinszug am 11. November ab 17.30 Uhr durch die Klever Innenstadt.<\/p>\n<p><a href=\"http:\/\/www.kle-blatt.de\/blog\/wp-content\/uploads\/2013\/11\/st.martin-111.jpg\"><img loading=\"lazy\" decoding=\"async\" class=\"size-full wp-image-6869 aligncenter\" src=\"https:\/\/www.kle-blatt.de\/blog\/wp-content\/uploads\/2013\/11\/st.martin-111.jpg\" alt=\"Der Martinszug durch Kleve\" width=\"850\" height=\"1329\" \/><\/a><\/p>\n","protected":false},"excerpt":{"rendered":"<p>Der Martinszug durch Kleve Mitte der F\u00fcnfziger war die Teilnahme der Kinder beim Martinszug sicher noch etwas gr\u00f6\u00dfer, als es &hellip; <a href=\"https:\/\/www.kle-blatt.de\/blog\/kleve-in-foto-video\/der-martinszug-durch-kleve.html\" class=\"more-link\"><span class=\"more-button\">Weiterlesen<span class=\"screen-reader-text\">Der Martinszug durch Kleve<\/span><\/span><\/a><\/p>\n","protected":false},"author":2,"featured_media":6869,"comment_status":"closed","ping_status":"closed","sticky":false,"template":"","format":"standard","meta":{"footnotes":""},"categories":[3],"tags":[1466],"class_list":["post-6868","post","type-post","status-publish","format-standard","has-post-thumbnail","hentry","category-kleve-in-foto-video","tag-der-martinszug-durch-kleve"],"_links":{"self":[{"href":"https:\/\/www.kle-blatt.de\/blog\/wp-json\/wp\/v2\/posts\/6868","targetHints":{"allow":["GET"]}}],"collection":[{"href":"https:\/\/www.kle-blatt.de\/blog\/wp-json\/wp\/v2\/posts"}],"about":[{"href":"https:\/\/www.kle-blatt.de\/blog\/wp-json\/wp\/v2\/types\/post"}],"author":[{"embeddable":true,"href":"https:\/\/www.kle-blatt.de\/blog\/wp-json\/wp\/v2\/users\/2"}],"replies":[{"embeddable":true,"href":"https:\/\/www.kle-blatt.de\/blog\/wp-json\/wp\/v2\/comments?post=6868"}],"version-history":[{"count":1,"href":"https:\/\/www.kle-blatt.de\/blog\/wp-json\/wp\/v2\/posts\/6868\/revisions"}],"predecessor-version":[{"id":32738,"href":"https:\/\/www.kle-blatt.de\/blog\/wp-json\/wp\/v2\/posts\/6868\/revisions\/32738"}],"wp:featuredmedia":[{"embeddable":true,"href":"https:\/\/www.kle-blatt.de\/blog\/wp-json\/wp\/v2\/media\/6869"}],"wp:attachment":[{"href":"https:\/\/www.kle-blatt.de\/blog\/wp-json\/wp\/v2\/media?parent=6868"}],"wp:term":[{"taxonomy":"category","embeddable":true,"href":"https:\/\/www.kle-blatt.de\/blog\/wp-json\/wp\/v2\/categories?post=6868"},{"taxonomy":"post_tag","embeddable":true,"href":"https:\/\/www.kle-blatt.de\/blog\/wp-json\/wp\/v2\/tags?post=6868"}],"curies":[{"name":"wp","href":"https:\/\/api.w.org\/{rel}","templated":true}]}}