{"id":6901,"date":"2025-11-20T06:10:55","date_gmt":"2025-11-20T04:10:55","guid":{"rendered":"http:\/\/www.kle-blatt.de\/blog\/?p=6901"},"modified":"2025-09-10T13:48:36","modified_gmt":"2025-09-10T11:48:36","slug":"das-legendaere-stadtbad-von-kleve","status":"publish","type":"post","link":"https:\/\/www.kle-blatt.de\/blog\/kleve-in-foto-video\/das-legendaere-stadtbad-von-kleve.html","title":{"rendered":"Ein Prachtbau &#8211; Das legend\u00e4re Stadtbad von Kleve"},"content":{"rendered":"<p><strong>Ein Prachtbau &#8211; Das legend\u00e4re Stadtbad von Kleve<\/strong><\/p>\n<p>Dort wo heute das Klever Hallenbad steht, befand sich fr\u00fcher das gro\u00dfe Stadtbad von Cleve.<br \/>\nAufgrund der immer gr\u00f6\u00dfer werdenden Touristenstr\u00f6me und Kurg\u00e4ste, die nach Bad Cleve kamen, sah man sich seitens der Stadt gezwungen, eine gro\u00dfe Badeanstalt zu bauen. Die an dortiger Stelle befindliche Gasfabrik wurde abgebrochen und man errichtete ein wirklich pr\u00e4chtiges Hallenbad mit Saunen und allen Schikanen zu Zeiten Anfang des Zwanzigsten Jahrhunderts. Somit konnte die Er\u00f6ffnung im Dezember 1908 stattfinden.<br \/>\nMit einem eigenen Anleger am Kermisdahl konnten sogar die G\u00e4ste des Hotels Maywald her\u00fcber gebracht werden. Welch ein Luxus. \ud83d\ude42<br \/>\nEin Blick in die Schwimmhalle zeigt die ganze Sch\u00f6nheit des Bades, so wie es sich damals darstellte. Leider wurde es im 2. Weltkrieg g\u00e4nzlich zerst\u00f6rt, wie so viele Prachtbauten in Kleve. Wer Lust hat, kann ja die Spr\u00fcche auf der Wand versuchen zu entziffern. Das war zu diesen Zeiten scheinbar wichtig.<\/p>\n<p><a href=\"http:\/\/www.kle-blatt.de\/blog\/wp-content\/uploads\/2013\/11\/stadt-bad-71-1.jpg\"><img loading=\"lazy\" decoding=\"async\" class=\"size-full wp-image-6902 aligncenter\" src=\"https:\/\/www.kle-blatt.de\/blog\/wp-content\/uploads\/2013\/11\/stadt-bad-71-1.jpg\" alt=\"Das legend\u00e4re Stadtbad von Kleve\" width=\"850\" height=\"528\" \/><\/a><\/p>\n","protected":false},"excerpt":{"rendered":"<p>Ein Prachtbau &#8211; Das legend\u00e4re Stadtbad von Kleve Dort wo heute das Klever Hallenbad steht, befand sich fr\u00fcher das gro\u00dfe &hellip; <a href=\"https:\/\/www.kle-blatt.de\/blog\/kleve-in-foto-video\/das-legendaere-stadtbad-von-kleve.html\" class=\"more-link\"><span class=\"more-button\">Weiterlesen<span class=\"screen-reader-text\">Ein Prachtbau &#8211; Das legend\u00e4re Stadtbad von Kleve<\/span><\/span><\/a><\/p>\n","protected":false},"author":2,"featured_media":6902,"comment_status":"closed","ping_status":"closed","sticky":false,"template":"","format":"standard","meta":{"footnotes":""},"categories":[3],"tags":[1474],"class_list":["post-6901","post","type-post","status-publish","format-standard","has-post-thumbnail","hentry","category-kleve-in-foto-video","tag-das-legendaere-stadtbad-von-kleve"],"_links":{"self":[{"href":"https:\/\/www.kle-blatt.de\/blog\/wp-json\/wp\/v2\/posts\/6901","targetHints":{"allow":["GET"]}}],"collection":[{"href":"https:\/\/www.kle-blatt.de\/blog\/wp-json\/wp\/v2\/posts"}],"about":[{"href":"https:\/\/www.kle-blatt.de\/blog\/wp-json\/wp\/v2\/types\/post"}],"author":[{"embeddable":true,"href":"https:\/\/www.kle-blatt.de\/blog\/wp-json\/wp\/v2\/users\/2"}],"replies":[{"embeddable":true,"href":"https:\/\/www.kle-blatt.de\/blog\/wp-json\/wp\/v2\/comments?post=6901"}],"version-history":[{"count":2,"href":"https:\/\/www.kle-blatt.de\/blog\/wp-json\/wp\/v2\/posts\/6901\/revisions"}],"predecessor-version":[{"id":27784,"href":"https:\/\/www.kle-blatt.de\/blog\/wp-json\/wp\/v2\/posts\/6901\/revisions\/27784"}],"wp:featuredmedia":[{"embeddable":true,"href":"https:\/\/www.kle-blatt.de\/blog\/wp-json\/wp\/v2\/media\/6902"}],"wp:attachment":[{"href":"https:\/\/www.kle-blatt.de\/blog\/wp-json\/wp\/v2\/media?parent=6901"}],"wp:term":[{"taxonomy":"category","embeddable":true,"href":"https:\/\/www.kle-blatt.de\/blog\/wp-json\/wp\/v2\/categories?post=6901"},{"taxonomy":"post_tag","embeddable":true,"href":"https:\/\/www.kle-blatt.de\/blog\/wp-json\/wp\/v2\/tags?post=6901"}],"curies":[{"name":"wp","href":"https:\/\/api.w.org\/{rel}","templated":true}]}}