{"id":6974,"date":"2022-11-29T06:10:16","date_gmt":"2022-11-29T04:10:16","guid":{"rendered":"http:\/\/www.kle-blatt.de\/blog\/?p=6974"},"modified":"2022-10-21T11:19:38","modified_gmt":"2022-10-21T09:19:38","slug":"die-steinwueste-auf-der-grossen-strasse-bei-hettlage-in-kleve","status":"publish","type":"post","link":"https:\/\/www.kle-blatt.de\/blog\/kleve-in-foto-video\/die-steinwueste-auf-der-grossen-strasse-bei-hettlage-in-kleve.html","title":{"rendered":"Die Steinw\u00fcste auf der Gro\u00dfen Stra\u00dfe bei &#8222;Hettlage&#8220; in Kleve"},"content":{"rendered":"<p><strong>Die Steinw\u00fcste auf der Gro\u00dfen Stra\u00dfe bei &#8222;Hettlage&#8220; in Kleve<\/strong><\/p>\n<p>Tja &#8211; so sah es einmal auf der Gro\u00dfen Stra\u00dfe in Kleve aus, als es daran ging, alles wieder aufzubauen. Ob hier eine neue Stra\u00dfendecke erforderlich war oder Versorgungsleitungen gelegt werden mussten, ist nicht ersichtlich. Eine schaurig-sch\u00f6ne Steinw\u00fcste.<br \/>\nZu sehen ist aber die damals schon wieder fahrende Stra\u00dfenbahn &#8211; die &#8222;Elektrische&#8220;. Man sieht links das Bekleidungshaus &#8222;Hettlage&#8220; und dahinter die Adler-Apotheke.<\/p>\n<p><a href=\"http:\/\/www.kle-blatt.de\/blog\/wp-content\/uploads\/2013\/11\/grosse-strasse-baustelle.jpg\"><img loading=\"lazy\" decoding=\"async\" class=\"size-full wp-image-6975 aligncenter\" src=\"https:\/\/www.kle-blatt.de\/blog\/wp-content\/uploads\/2013\/11\/grosse-strasse-baustelle.jpg\" alt=\"Die Steinw\u00fcste auf der Gro\u00dfen Stra\u00dfe bei \" width=\"850\" height=\"1285\" \/><\/a><br \/>\n(Foto: Carl Weinrother \u2013 Rechte bei Kreisarchiv Kleve \u2013 KA Kle F8, 1055)<\/p>\n","protected":false},"excerpt":{"rendered":"<p>Die Steinw\u00fcste auf der Gro\u00dfen Stra\u00dfe bei &#8222;Hettlage&#8220; in Kleve Tja &#8211; so sah es einmal auf der Gro\u00dfen Stra\u00dfe &hellip; <a href=\"https:\/\/www.kle-blatt.de\/blog\/kleve-in-foto-video\/die-steinwueste-auf-der-grossen-strasse-bei-hettlage-in-kleve.html\" class=\"more-link\"><span class=\"more-button\">Weiterlesen<span class=\"screen-reader-text\">Die Steinw\u00fcste auf der Gro\u00dfen Stra\u00dfe bei &#8222;Hettlage&#8220; in Kleve<\/span><\/span><\/a><\/p>\n","protected":false},"author":2,"featured_media":6975,"comment_status":"open","ping_status":"closed","sticky":false,"template":"","format":"standard","meta":{"footnotes":""},"categories":[3],"tags":[1485],"class_list":["post-6974","post","type-post","status-publish","format-standard","has-post-thumbnail","hentry","category-kleve-in-foto-video","tag-die-steinwueste-auf-der-grossen-strasse-bei-hettlage-in-kleve"],"_links":{"self":[{"href":"https:\/\/www.kle-blatt.de\/blog\/wp-json\/wp\/v2\/posts\/6974","targetHints":{"allow":["GET"]}}],"collection":[{"href":"https:\/\/www.kle-blatt.de\/blog\/wp-json\/wp\/v2\/posts"}],"about":[{"href":"https:\/\/www.kle-blatt.de\/blog\/wp-json\/wp\/v2\/types\/post"}],"author":[{"embeddable":true,"href":"https:\/\/www.kle-blatt.de\/blog\/wp-json\/wp\/v2\/users\/2"}],"replies":[{"embeddable":true,"href":"https:\/\/www.kle-blatt.de\/blog\/wp-json\/wp\/v2\/comments?post=6974"}],"version-history":[{"count":2,"href":"https:\/\/www.kle-blatt.de\/blog\/wp-json\/wp\/v2\/posts\/6974\/revisions"}],"predecessor-version":[{"id":31185,"href":"https:\/\/www.kle-blatt.de\/blog\/wp-json\/wp\/v2\/posts\/6974\/revisions\/31185"}],"wp:featuredmedia":[{"embeddable":true,"href":"https:\/\/www.kle-blatt.de\/blog\/wp-json\/wp\/v2\/media\/6975"}],"wp:attachment":[{"href":"https:\/\/www.kle-blatt.de\/blog\/wp-json\/wp\/v2\/media?parent=6974"}],"wp:term":[{"taxonomy":"category","embeddable":true,"href":"https:\/\/www.kle-blatt.de\/blog\/wp-json\/wp\/v2\/categories?post=6974"},{"taxonomy":"post_tag","embeddable":true,"href":"https:\/\/www.kle-blatt.de\/blog\/wp-json\/wp\/v2\/tags?post=6974"}],"curies":[{"name":"wp","href":"https:\/\/api.w.org\/{rel}","templated":true}]}}