{"id":7051,"date":"2023-12-28T06:00:42","date_gmt":"2023-12-28T04:00:42","guid":{"rendered":"http:\/\/www.kle-blatt.de\/blog\/?p=7051"},"modified":"2023-10-25T11:31:57","modified_gmt":"2023-10-25T09:31:57","slug":"the-magicians-die-musik-magier-aus-kleve","status":"publish","type":"post","link":"https:\/\/www.kle-blatt.de\/blog\/kultur\/the-magicians-die-musik-magier-aus-kleve.html","title":{"rendered":"The Magicians &#8211; Die Musik-Magier aus Kleve"},"content":{"rendered":"<p><strong>The Magicians &#8211; Die Musik-Magier aus Kleve<\/strong><\/p>\n<p>Bereits im Jahre 1962 gr\u00fcndeten Theo und Sigi Alders, Wem Schlesinger und Pit Fischer die Band, die bis ins Jahr 1972 hinein die Klever Musiklandschaft zusammen mit noch einigen anderen Bands pr\u00e4gten und sich aufl\u00f6sen mussten, weil drei Mitglieder damals zum &#8222;Bund&#8220; eingezogen wurden. In ihrer aktiven Zeit war die Gruppe \u00e4u\u00dferst beliebt und spielte auch erfolgreich au\u00dferhalb von Kleve. Ein zweiw\u00f6chiges Engagement f\u00fchrte sie bis nach Sylt und weiter auf diverse Riverboatparties. Sie gewannen mehrere international besetzte Wettbewerbe.<\/p>\n<p><a href=\"http:\/\/www.kle-blatt.de\/blog\/wp-content\/uploads\/2013\/11\/the-magicians.jpg\"><img loading=\"lazy\" decoding=\"async\" class=\"size-full wp-image-7053 aligncenter\" src=\"https:\/\/www.kle-blatt.de\/blog\/wp-content\/uploads\/2013\/11\/the-magicians.jpg\" alt=\"The Magicians - Die Musik-Magier aus Kleve\" width=\"850\" height=\"625\" \/><\/a><br \/>\n<a href=\"http:\/\/www.kle-blatt.de\/blog\/wp-content\/uploads\/2013\/11\/the-magicians1.jpg\"><img loading=\"lazy\" decoding=\"async\" class=\"size-full wp-image-7052 aligncenter\" src=\"https:\/\/www.kle-blatt.de\/blog\/wp-content\/uploads\/2013\/11\/the-magicians1.jpg\" alt=\"The Magicians - Die Musik-Magier aus Kleve\" width=\"850\" height=\"558\" \/><\/a><br \/>\n(Fotos eingesandt von Berry65)<\/p>\n","protected":false},"excerpt":{"rendered":"<p>The Magicians &#8211; Die Musik-Magier aus Kleve Bereits im Jahre 1962 gr\u00fcndeten Theo und Sigi Alders, Wem Schlesinger und Pit &hellip; <a href=\"https:\/\/www.kle-blatt.de\/blog\/kultur\/the-magicians-die-musik-magier-aus-kleve.html\" class=\"more-link\"><span class=\"more-button\">Weiterlesen<span class=\"screen-reader-text\">The Magicians &#8211; Die Musik-Magier aus Kleve<\/span><\/span><\/a><\/p>\n","protected":false},"author":2,"featured_media":7053,"comment_status":"closed","ping_status":"closed","sticky":false,"template":"","format":"standard","meta":{"footnotes":""},"categories":[5279,4],"tags":[1504],"class_list":["post-7051","post","type-post","status-publish","format-standard","has-post-thumbnail","hentry","category-klever-musik-und-diskoszene","category-kultur","tag-the-magicians-die-musik-magier-aus-kleve"],"_links":{"self":[{"href":"https:\/\/www.kle-blatt.de\/blog\/wp-json\/wp\/v2\/posts\/7051","targetHints":{"allow":["GET"]}}],"collection":[{"href":"https:\/\/www.kle-blatt.de\/blog\/wp-json\/wp\/v2\/posts"}],"about":[{"href":"https:\/\/www.kle-blatt.de\/blog\/wp-json\/wp\/v2\/types\/post"}],"author":[{"embeddable":true,"href":"https:\/\/www.kle-blatt.de\/blog\/wp-json\/wp\/v2\/users\/2"}],"replies":[{"embeddable":true,"href":"https:\/\/www.kle-blatt.de\/blog\/wp-json\/wp\/v2\/comments?post=7051"}],"version-history":[{"count":2,"href":"https:\/\/www.kle-blatt.de\/blog\/wp-json\/wp\/v2\/posts\/7051\/revisions"}],"predecessor-version":[{"id":32892,"href":"https:\/\/www.kle-blatt.de\/blog\/wp-json\/wp\/v2\/posts\/7051\/revisions\/32892"}],"wp:featuredmedia":[{"embeddable":true,"href":"https:\/\/www.kle-blatt.de\/blog\/wp-json\/wp\/v2\/media\/7053"}],"wp:attachment":[{"href":"https:\/\/www.kle-blatt.de\/blog\/wp-json\/wp\/v2\/media?parent=7051"}],"wp:term":[{"taxonomy":"category","embeddable":true,"href":"https:\/\/www.kle-blatt.de\/blog\/wp-json\/wp\/v2\/categories?post=7051"},{"taxonomy":"post_tag","embeddable":true,"href":"https:\/\/www.kle-blatt.de\/blog\/wp-json\/wp\/v2\/tags?post=7051"}],"curies":[{"name":"wp","href":"https:\/\/api.w.org\/{rel}","templated":true}]}}