{"id":7099,"date":"2023-11-11T07:10:24","date_gmt":"2023-11-11T05:10:24","guid":{"rendered":"http:\/\/www.kle-blatt.de\/blog\/?p=7099"},"modified":"2023-10-06T11:38:45","modified_gmt":"2023-10-06T09:38:45","slug":"palmen-im-blumenhof-von-kleve","status":"publish","type":"post","link":"https:\/\/www.kle-blatt.de\/blog\/kleve-in-foto-video\/palmen-im-blumenhof-von-kleve.html","title":{"rendered":"Schon mal gesehen? Palmen im Blumenhof von Kleve"},"content":{"rendered":"<p><strong>Schon mal gesehen? Palmen im Blumenhof von Kleve<\/strong><\/p>\n<p>Sicherlich ein verwirrendes Bild aus dem Forstgarten zu Kleve, dessen hier sichtbarer Teil im Jahre 1920, als diese Postkarte entstand, noch Kurgarten hie\u00df.<br \/>\nDieser &#8222;Blumenhof&#8220; war bis Ende des 19.Jahrhunderts Baumschulgel\u00e4nde f\u00fcr Geh\u00f6lzanzuchten und man hatte auch den Versuch gestartet, Palmen als \u00fcberraschende Deko ins Gesamtbild zu involvieren. Ziel war es, eine Integration zu schaffen zwischen den historischen Gartenanlagen, dem \u00e4lteren Baumbestand, den vorhandenen Konzertpavillons und dem Forstgarten.<\/p>\n<p><a href=\"http:\/\/www.kle-blatt.de\/blog\/wp-content\/uploads\/2013\/11\/blumenhof-58.jpg\"><img loading=\"lazy\" decoding=\"async\" class=\"size-full wp-image-7100 aligncenter\" src=\"https:\/\/www.kle-blatt.de\/blog\/wp-content\/uploads\/2013\/11\/blumenhof-58.jpg\" alt=\"Schon mal gesehen? Palmen im Blumenhof von Kleve\" width=\"850\" height=\"506\" \/><\/a><\/p>\n","protected":false},"excerpt":{"rendered":"<p>Schon mal gesehen? Palmen im Blumenhof von Kleve Sicherlich ein verwirrendes Bild aus dem Forstgarten zu Kleve, dessen hier sichtbarer &hellip; <a href=\"https:\/\/www.kle-blatt.de\/blog\/kleve-in-foto-video\/palmen-im-blumenhof-von-kleve.html\" class=\"more-link\"><span class=\"more-button\">Weiterlesen<span class=\"screen-reader-text\">Schon mal gesehen? Palmen im Blumenhof von Kleve<\/span><\/span><\/a><\/p>\n","protected":false},"author":2,"featured_media":7100,"comment_status":"closed","ping_status":"closed","sticky":false,"template":"","format":"standard","meta":{"footnotes":""},"categories":[3],"tags":[4806],"class_list":["post-7099","post","type-post","status-publish","format-standard","has-post-thumbnail","hentry","category-kleve-in-foto-video","tag-schon-mal-gesehen-palmen-im-blumenhof-von-kleve"],"_links":{"self":[{"href":"https:\/\/www.kle-blatt.de\/blog\/wp-json\/wp\/v2\/posts\/7099","targetHints":{"allow":["GET"]}}],"collection":[{"href":"https:\/\/www.kle-blatt.de\/blog\/wp-json\/wp\/v2\/posts"}],"about":[{"href":"https:\/\/www.kle-blatt.de\/blog\/wp-json\/wp\/v2\/types\/post"}],"author":[{"embeddable":true,"href":"https:\/\/www.kle-blatt.de\/blog\/wp-json\/wp\/v2\/users\/2"}],"replies":[{"embeddable":true,"href":"https:\/\/www.kle-blatt.de\/blog\/wp-json\/wp\/v2\/comments?post=7099"}],"version-history":[{"count":2,"href":"https:\/\/www.kle-blatt.de\/blog\/wp-json\/wp\/v2\/posts\/7099\/revisions"}],"predecessor-version":[{"id":32795,"href":"https:\/\/www.kle-blatt.de\/blog\/wp-json\/wp\/v2\/posts\/7099\/revisions\/32795"}],"wp:featuredmedia":[{"embeddable":true,"href":"https:\/\/www.kle-blatt.de\/blog\/wp-json\/wp\/v2\/media\/7100"}],"wp:attachment":[{"href":"https:\/\/www.kle-blatt.de\/blog\/wp-json\/wp\/v2\/media?parent=7099"}],"wp:term":[{"taxonomy":"category","embeddable":true,"href":"https:\/\/www.kle-blatt.de\/blog\/wp-json\/wp\/v2\/categories?post=7099"},{"taxonomy":"post_tag","embeddable":true,"href":"https:\/\/www.kle-blatt.de\/blog\/wp-json\/wp\/v2\/tags?post=7099"}],"curies":[{"name":"wp","href":"https:\/\/api.w.org\/{rel}","templated":true}]}}