{"id":7116,"date":"2020-11-29T07:00:55","date_gmt":"2020-11-29T05:00:55","guid":{"rendered":"http:\/\/www.kle-blatt.de\/blog\/?p=7116"},"modified":"2020-10-27T13:03:58","modified_gmt":"2020-10-27T11:03:58","slug":"an-der-muehle-von-kleve","status":"publish","type":"post","link":"https:\/\/www.kle-blatt.de\/blog\/kleve-in-foto-video\/an-der-muehle-von-kleve.html","title":{"rendered":"Wissenswertes zur M\u00fchle von Kleve"},"content":{"rendered":"<p><strong>Wissenswertes zur M\u00fchle von Kleve<\/strong><\/p>\n<p>Hier sieht man die stolze M\u00fchle des Klever Besitzers Heinrich Teurlings, die man damals auch als die Gro\u00dfe M\u00fchle bezeichnete, was sie zweifelsohne war. Es ist kurz bevor die Weberstra\u00dfe in die damalige Kasernenstra\u00dfe einm\u00fcndete. In dem alten Haus unterhalb der Windm\u00fchle und an der Kasernenstra\u00dfe gelegen, betrieb Emil Wirtz zun\u00e4chst einen W\u00e4schereibetrieb und danach das erste Autotaxi-Unternehmen innerhalb Bad Cleves. Wie man ebenfalls bemerkt, waren derzeit die Menschen stets zu Fu\u00df unterwegs.<\/p>\n<p><a href=\"http:\/\/www.kle-blatt.de\/blog\/wp-content\/uploads\/2013\/11\/m\u00fchle-33.jpg\"><img loading=\"lazy\" decoding=\"async\" class=\"size-full wp-image-7117 aligncenter\" src=\"https:\/\/www.kle-blatt.de\/blog\/wp-content\/uploads\/2013\/11\/m\u00fchle-33.jpg\" alt=\"Wissenswertes zur M\u00fchle von Kleve\" width=\"850\" height=\"524\" \/><\/a><\/p>\n","protected":false},"excerpt":{"rendered":"<p>Wissenswertes zur M\u00fchle von Kleve Hier sieht man die stolze M\u00fchle des Klever Besitzers Heinrich Teurlings, die man damals auch &hellip; <a href=\"https:\/\/www.kle-blatt.de\/blog\/kleve-in-foto-video\/an-der-muehle-von-kleve.html\" class=\"more-link\"><span class=\"more-button\">Weiterlesen<span class=\"screen-reader-text\">Wissenswertes zur M\u00fchle von Kleve<\/span><\/span><\/a><\/p>\n","protected":false},"author":2,"featured_media":7117,"comment_status":"open","ping_status":"closed","sticky":false,"template":"","format":"standard","meta":{"footnotes":""},"categories":[3],"tags":[1519],"class_list":["post-7116","post","type-post","status-publish","format-standard","has-post-thumbnail","hentry","category-kleve-in-foto-video","tag-an-der-muehle-von-kleve"],"_links":{"self":[{"href":"https:\/\/www.kle-blatt.de\/blog\/wp-json\/wp\/v2\/posts\/7116","targetHints":{"allow":["GET"]}}],"collection":[{"href":"https:\/\/www.kle-blatt.de\/blog\/wp-json\/wp\/v2\/posts"}],"about":[{"href":"https:\/\/www.kle-blatt.de\/blog\/wp-json\/wp\/v2\/types\/post"}],"author":[{"embeddable":true,"href":"https:\/\/www.kle-blatt.de\/blog\/wp-json\/wp\/v2\/users\/2"}],"replies":[{"embeddable":true,"href":"https:\/\/www.kle-blatt.de\/blog\/wp-json\/wp\/v2\/comments?post=7116"}],"version-history":[{"count":2,"href":"https:\/\/www.kle-blatt.de\/blog\/wp-json\/wp\/v2\/posts\/7116\/revisions"}],"predecessor-version":[{"id":27778,"href":"https:\/\/www.kle-blatt.de\/blog\/wp-json\/wp\/v2\/posts\/7116\/revisions\/27778"}],"wp:featuredmedia":[{"embeddable":true,"href":"https:\/\/www.kle-blatt.de\/blog\/wp-json\/wp\/v2\/media\/7117"}],"wp:attachment":[{"href":"https:\/\/www.kle-blatt.de\/blog\/wp-json\/wp\/v2\/media?parent=7116"}],"wp:term":[{"taxonomy":"category","embeddable":true,"href":"https:\/\/www.kle-blatt.de\/blog\/wp-json\/wp\/v2\/categories?post=7116"},{"taxonomy":"post_tag","embeddable":true,"href":"https:\/\/www.kle-blatt.de\/blog\/wp-json\/wp\/v2\/tags?post=7116"}],"curies":[{"name":"wp","href":"https:\/\/api.w.org\/{rel}","templated":true}]}}