{"id":7153,"date":"2020-11-04T07:00:53","date_gmt":"2020-11-04T05:00:53","guid":{"rendered":"http:\/\/www.kle-blatt.de\/blog\/?p=7153"},"modified":"2020-10-26T13:55:51","modified_gmt":"2020-10-26T11:55:51","slug":"die-clever-oelmuehle-an-der-emmericher-strasse","status":"publish","type":"post","link":"https:\/\/www.kle-blatt.de\/blog\/kleve-in-foto-video\/die-clever-oelmuehle-an-der-emmericher-strasse.html","title":{"rendered":"Gewusst? Die &#8222;Clever \u00d6lm\u00fchle&#8220; an der Emmericher Stra\u00dfe"},"content":{"rendered":"<p><strong>Gewusst? Die &#8222;Clever \u00d6lm\u00fchle&#8220; an der Emmericher Stra\u00dfe<\/strong><\/p>\n<p>Leider markierte\u00a0der erste Weltkrieg den\u00a0Schlusspunkt f\u00fcr die &#8222;Clever \u00d6lm\u00fchle&#8220; an der Emmericher Stra\u00dfe in Kleve. Das Werk des Klever Fabrikanten Wilhelm Mentrop produzierte dort Speise\u00f6l und Leinkuchen speziell f\u00fcr den niederl\u00e4ndischen Markt. Im Unternehmen waren 70 Mitarbeiter besch\u00e4ftigt. Im Haus vorne links residierte der Chef pers\u00f6nlich.<\/p>\n<p><a href=\"http:\/\/www.kle-blatt.de\/blog\/wp-content\/uploads\/2013\/11\/clever-\u00f6lm\u00fchle-nr88.jpg\"><img loading=\"lazy\" decoding=\"async\" class=\"size-full wp-image-7154 aligncenter\" src=\"https:\/\/www.kle-blatt.de\/blog\/wp-content\/uploads\/2013\/11\/clever-\u00f6lm\u00fchle-nr88.jpg\" alt=\"Gewusst? Die \" width=\"850\" height=\"551\" \/><\/a><br \/>\n(Foto: &#8222;Bilder von Kleve&#8220; &#8211; Ewald Steiger)<\/p>\n","protected":false},"excerpt":{"rendered":"<p>Gewusst? Die &#8222;Clever \u00d6lm\u00fchle&#8220; an der Emmericher Stra\u00dfe Leider markierte\u00a0der erste Weltkrieg den\u00a0Schlusspunkt f\u00fcr die &#8222;Clever \u00d6lm\u00fchle&#8220; an der Emmericher &hellip; <a href=\"https:\/\/www.kle-blatt.de\/blog\/kleve-in-foto-video\/die-clever-oelmuehle-an-der-emmericher-strasse.html\" class=\"more-link\"><span class=\"more-button\">Weiterlesen<span class=\"screen-reader-text\">Gewusst? Die &#8222;Clever \u00d6lm\u00fchle&#8220; an der Emmericher Stra\u00dfe<\/span><\/span><\/a><\/p>\n","protected":false},"author":2,"featured_media":7154,"comment_status":"open","ping_status":"closed","sticky":false,"template":"","format":"standard","meta":{"footnotes":""},"categories":[3],"tags":[1528],"class_list":["post-7153","post","type-post","status-publish","format-standard","has-post-thumbnail","hentry","category-kleve-in-foto-video","tag-die-clever-oelmuehle-an-der-emmericher-strasse"],"_links":{"self":[{"href":"https:\/\/www.kle-blatt.de\/blog\/wp-json\/wp\/v2\/posts\/7153","targetHints":{"allow":["GET"]}}],"collection":[{"href":"https:\/\/www.kle-blatt.de\/blog\/wp-json\/wp\/v2\/posts"}],"about":[{"href":"https:\/\/www.kle-blatt.de\/blog\/wp-json\/wp\/v2\/types\/post"}],"author":[{"embeddable":true,"href":"https:\/\/www.kle-blatt.de\/blog\/wp-json\/wp\/v2\/users\/2"}],"replies":[{"embeddable":true,"href":"https:\/\/www.kle-blatt.de\/blog\/wp-json\/wp\/v2\/comments?post=7153"}],"version-history":[{"count":2,"href":"https:\/\/www.kle-blatt.de\/blog\/wp-json\/wp\/v2\/posts\/7153\/revisions"}],"predecessor-version":[{"id":27722,"href":"https:\/\/www.kle-blatt.de\/blog\/wp-json\/wp\/v2\/posts\/7153\/revisions\/27722"}],"wp:featuredmedia":[{"embeddable":true,"href":"https:\/\/www.kle-blatt.de\/blog\/wp-json\/wp\/v2\/media\/7154"}],"wp:attachment":[{"href":"https:\/\/www.kle-blatt.de\/blog\/wp-json\/wp\/v2\/media?parent=7153"}],"wp:term":[{"taxonomy":"category","embeddable":true,"href":"https:\/\/www.kle-blatt.de\/blog\/wp-json\/wp\/v2\/categories?post=7153"},{"taxonomy":"post_tag","embeddable":true,"href":"https:\/\/www.kle-blatt.de\/blog\/wp-json\/wp\/v2\/tags?post=7153"}],"curies":[{"name":"wp","href":"https:\/\/api.w.org\/{rel}","templated":true}]}}