{"id":7291,"date":"2025-12-21T07:00:40","date_gmt":"2025-12-21T05:00:40","guid":{"rendered":"http:\/\/www.kle-blatt.de\/blog\/?p=7291"},"modified":"2025-10-23T11:16:42","modified_gmt":"2025-10-23T09:16:42","slug":"die-weihnachtsbeleuchtung-in-kleve-vor-ueber-50-jahren","status":"publish","type":"post","link":"https:\/\/www.kle-blatt.de\/blog\/kleve-in-foto-video\/die-weihnachtsbeleuchtung-in-kleve-vor-ueber-50-jahren.html","title":{"rendered":"Hast Du die Weihnachtsbeleuchtung in Kleve vor 70 Jahren gesehen?"},"content":{"rendered":"<p><strong>Hast Du die Weihnachtsbeleuchtung in Kleve vor 70 Jahren gesehen?<\/strong><\/p>\n<p>Die Weihnachtsbeleuchtung in Kleve vor 70 Jahren zeigte den Menschen, dass es wieder aufw\u00e4rts ging.<br \/>\nHier sehen wir die zeitweise wieder angestrahlte Schwanenburg im Hintergrund der im Jahre 1955 mit Weihnachtsbeleuchtung bereits wieder geschm\u00fcckten Gesch\u00e4fte auf der Hagschen Stra\u00dfe.<\/p>\n<p><a href=\"http:\/\/www.kle-blatt.de\/blog\/wp-content\/uploads\/2013\/11\/weihnachsbeleuchtung-hagsche-15.jpg\"><img loading=\"lazy\" decoding=\"async\" class=\"size-full wp-image-7292 aligncenter\" src=\"https:\/\/www.kle-blatt.de\/blog\/wp-content\/uploads\/2013\/11\/weihnachsbeleuchtung-hagsche-15.jpg\" alt=\"Hast Du die Weihnachtsbeleuchtung in Kleve vor70 Jahren gesehen?\" width=\"850\" height=\"525\" \/><\/a><br \/>\n(Foto: C. Weinrother aus &#8222;Kleve in den 50er Jahren&#8220; &#8211; Helga Ullrich-Scheyda) )<\/p>\n","protected":false},"excerpt":{"rendered":"<p>Hast Du die Weihnachtsbeleuchtung in Kleve vor 70 Jahren gesehen? Die Weihnachtsbeleuchtung in Kleve vor 70 Jahren zeigte den Menschen, &hellip; <a href=\"https:\/\/www.kle-blatt.de\/blog\/kleve-in-foto-video\/die-weihnachtsbeleuchtung-in-kleve-vor-ueber-50-jahren.html\" class=\"more-link\"><span class=\"more-button\">Weiterlesen<span class=\"screen-reader-text\">Hast Du die Weihnachtsbeleuchtung in Kleve vor 70 Jahren gesehen?<\/span><\/span><\/a><\/p>\n","protected":false},"author":2,"featured_media":7292,"comment_status":"closed","ping_status":"closed","sticky":false,"template":"","format":"standard","meta":{"footnotes":""},"categories":[3],"tags":[6465],"class_list":["post-7291","post","type-post","status-publish","format-standard","has-post-thumbnail","hentry","category-kleve-in-foto-video","tag-hast-du-die-weihnachtsbeleuchtung-in-kleve-vor-70-jahren-gesehen"],"_links":{"self":[{"href":"https:\/\/www.kle-blatt.de\/blog\/wp-json\/wp\/v2\/posts\/7291","targetHints":{"allow":["GET"]}}],"collection":[{"href":"https:\/\/www.kle-blatt.de\/blog\/wp-json\/wp\/v2\/posts"}],"about":[{"href":"https:\/\/www.kle-blatt.de\/blog\/wp-json\/wp\/v2\/types\/post"}],"author":[{"embeddable":true,"href":"https:\/\/www.kle-blatt.de\/blog\/wp-json\/wp\/v2\/users\/2"}],"replies":[{"embeddable":true,"href":"https:\/\/www.kle-blatt.de\/blog\/wp-json\/wp\/v2\/comments?post=7291"}],"version-history":[{"count":2,"href":"https:\/\/www.kle-blatt.de\/blog\/wp-json\/wp\/v2\/posts\/7291\/revisions"}],"predecessor-version":[{"id":36077,"href":"https:\/\/www.kle-blatt.de\/blog\/wp-json\/wp\/v2\/posts\/7291\/revisions\/36077"}],"wp:featuredmedia":[{"embeddable":true,"href":"https:\/\/www.kle-blatt.de\/blog\/wp-json\/wp\/v2\/media\/7292"}],"wp:attachment":[{"href":"https:\/\/www.kle-blatt.de\/blog\/wp-json\/wp\/v2\/media?parent=7291"}],"wp:term":[{"taxonomy":"category","embeddable":true,"href":"https:\/\/www.kle-blatt.de\/blog\/wp-json\/wp\/v2\/categories?post=7291"},{"taxonomy":"post_tag","embeddable":true,"href":"https:\/\/www.kle-blatt.de\/blog\/wp-json\/wp\/v2\/tags?post=7291"}],"curies":[{"name":"wp","href":"https:\/\/api.w.org\/{rel}","templated":true}]}}