{"id":7300,"date":"2024-12-03T06:20:41","date_gmt":"2024-12-03T04:20:41","guid":{"rendered":"http:\/\/www.kle-blatt.de\/blog\/?p=7300"},"modified":"2024-11-04T10:47:04","modified_gmt":"2024-11-04T08:47:04","slug":"minerva-oder-pallas-athene-auf-dem-belvedere-in-kleve","status":"publish","type":"post","link":"https:\/\/www.kle-blatt.de\/blog\/kleve-in-foto-video\/minerva-oder-pallas-athene-auf-dem-belvedere-in-kleve.html","title":{"rendered":"Minerva oder Pallas Athene auf dem &#8222;Belvedere&#8220; in Kleve?"},"content":{"rendered":"<p><strong>Minerva oder Pallas Athene auf dem &#8222;Belvedere&#8220; in Kleve?<\/strong><\/p>\n<p>Ja was denn nun? Steht Minerva oder Pallas Athene auf dem &#8222;Belvedere&#8220; in Kleve? Im Sonnenlicht erstrahlt die Figur der griechischen oder r\u00f6mischen G\u00f6ttin &#8211; je nachdem, wie man es sieht &#8211; vom h\u00f6chsten Punkt des ehemaligen Galeriehauses des K\u00fcnstlers B.C. Koekkoek.<br \/>\nMinerva kann man auf jeden Fall auch im Amphitheater bewundern. \ud83d\ude09<\/p>\n<p><a href=\"http:\/\/www.kle-blatt.de\/blog\/wp-content\/uploads\/2013\/11\/belvedere.jpg\"><img loading=\"lazy\" decoding=\"async\" class=\"size-full wp-image-7301 aligncenter\" src=\"https:\/\/www.kle-blatt.de\/blog\/wp-content\/uploads\/2013\/11\/belvedere.jpg\" alt=\"Minerva oder Pallas Athene auf dem \" width=\"850\" height=\"598\" \/> <\/a><br \/>\n(Foto: KLE-Blatt)<br \/>\n<a href=\"http:\/\/www.kle-blatt.de\/blog\/wp-content\/uploads\/2013\/11\/diana.jpg\"><img loading=\"lazy\" decoding=\"async\" class=\"size-full wp-image-7303 aligncenter\" src=\"https:\/\/www.kle-blatt.de\/blog\/wp-content\/uploads\/2013\/11\/diana.jpg\" alt=\"Minerva oder Pallas Athene auf dem \" width=\"850\" height=\"563\" \/><\/a><br \/>\n(Foto: Udo Kleinendonk)<\/p>\n","protected":false},"excerpt":{"rendered":"<p>Minerva oder Pallas Athene auf dem &#8222;Belvedere&#8220; in Kleve? Ja was denn nun? Steht Minerva oder Pallas Athene auf dem &hellip; <a href=\"https:\/\/www.kle-blatt.de\/blog\/kleve-in-foto-video\/minerva-oder-pallas-athene-auf-dem-belvedere-in-kleve.html\" class=\"more-link\"><span class=\"more-button\">Weiterlesen<span class=\"screen-reader-text\">Minerva oder Pallas Athene auf dem &#8222;Belvedere&#8220; in Kleve?<\/span><\/span><\/a><\/p>\n","protected":false},"author":2,"featured_media":7301,"comment_status":"closed","ping_status":"closed","sticky":false,"template":"","format":"standard","meta":{"footnotes":""},"categories":[3],"tags":[1563],"class_list":["post-7300","post","type-post","status-publish","format-standard","has-post-thumbnail","hentry","category-kleve-in-foto-video","tag-minerva-oder-pallas-athene-auf-dem-belvedere-in-kleve"],"_links":{"self":[{"href":"https:\/\/www.kle-blatt.de\/blog\/wp-json\/wp\/v2\/posts\/7300","targetHints":{"allow":["GET"]}}],"collection":[{"href":"https:\/\/www.kle-blatt.de\/blog\/wp-json\/wp\/v2\/posts"}],"about":[{"href":"https:\/\/www.kle-blatt.de\/blog\/wp-json\/wp\/v2\/types\/post"}],"author":[{"embeddable":true,"href":"https:\/\/www.kle-blatt.de\/blog\/wp-json\/wp\/v2\/users\/2"}],"replies":[{"embeddable":true,"href":"https:\/\/www.kle-blatt.de\/blog\/wp-json\/wp\/v2\/comments?post=7300"}],"version-history":[{"count":3,"href":"https:\/\/www.kle-blatt.de\/blog\/wp-json\/wp\/v2\/posts\/7300\/revisions"}],"predecessor-version":[{"id":34498,"href":"https:\/\/www.kle-blatt.de\/blog\/wp-json\/wp\/v2\/posts\/7300\/revisions\/34498"}],"wp:featuredmedia":[{"embeddable":true,"href":"https:\/\/www.kle-blatt.de\/blog\/wp-json\/wp\/v2\/media\/7301"}],"wp:attachment":[{"href":"https:\/\/www.kle-blatt.de\/blog\/wp-json\/wp\/v2\/media?parent=7300"}],"wp:term":[{"taxonomy":"category","embeddable":true,"href":"https:\/\/www.kle-blatt.de\/blog\/wp-json\/wp\/v2\/categories?post=7300"},{"taxonomy":"post_tag","embeddable":true,"href":"https:\/\/www.kle-blatt.de\/blog\/wp-json\/wp\/v2\/tags?post=7300"}],"curies":[{"name":"wp","href":"https:\/\/api.w.org\/{rel}","templated":true}]}}