{"id":7357,"date":"2021-12-31T06:10:32","date_gmt":"2021-12-31T04:10:32","guid":{"rendered":"http:\/\/www.kle-blatt.de\/blog\/?p=7357"},"modified":"2021-11-19T11:49:23","modified_gmt":"2021-11-19T09:49:23","slug":"spruecheklopferei-vom-feinsten","status":"publish","type":"post","link":"https:\/\/www.kle-blatt.de\/blog\/buecher-ueber-kleve\/der-klever-philosoph\/spruecheklopferei-vom-feinsten.html","title":{"rendered":"Spr\u00fccheklopferei Vom Feinsten zum Jahresausklang"},"content":{"rendered":"<p><strong>Spr\u00fccheklopferei Vom Feinsten zum Jahresausklang<\/strong><\/p>\n<p><b>Kennst Du das auch?<br \/>\n<\/b><br \/>\nLetzte Tage war ich auf dem Wochenmarkt oben anne Linde. Pl\u00f6tzlich h\u00f6rte ich aus irgendeiner Ecke einen Mann rufen:<\/p>\n<p><b><i>&#8222;Alle Frauen wollen mit mir schlafen! Blo\u00df&#8230;ich bin \u00fcberhaupt nicht m\u00fcde.&#8220;<\/i><\/b><\/p>\n<p>Da kann man sich schon mal wegschmei\u00dfen. Der hatte die Lacher voll auf seiner Seite, wobei er allerdings auch altersm\u00e4\u00dfig schon fast in einer eigenen Liga spielte, mit gesch\u00e4tzten 78 Jahren. Das beweist jedoch auch die These:<\/p>\n<p><strong><i>Erst wenn man gen\u00fcgend Tatsachen gesammelt hat, kann man sich daran machen, sie zu verdrehen.<\/i><\/strong><\/p>\n<p>Nun, diese kleine Episode brachte mich auf den Gedanken, an dieser Stelle einmal einige coole Spr\u00fcche zum Besten zu geben, die Dir den Alltag ein wenig auflockern sollen. Du wei\u00dft ja:<br \/>\n<strong><i>&#8222;Mit Geometrie allein kommt man nicht in die besseren Kreise.&#8220;<\/i><\/strong><\/p>\n<p>Ein Spruch der mir besonders gef\u00e4llt, nicht nur weil ich Fu\u00dfballfan bin, ist:<\/p>\n<p><strong><i>In vielen Menschen steckt ein Schiedsrichter. Sie rennen dorthin, wo andere etwas tun, und lauern auf Fehler.<\/i><\/strong><\/p>\n<p>Sch\u00f6n finde ich auch den hier \u00fcber unsere \u00f6sterreichischen Nachbarn:<\/p>\n<p><strong><i>Der Wunschtraum aller Wiener ist es, bis zum 65. Lebensjahr ein S\u00e4ngerknabe zu sein und dann ein Lipizzaner zu werden.<\/i><\/strong><\/p>\n<p>Was soll ich sagen?<\/p>\n<p><strong><i>Luftballons unterscheiden sich von Menschen dadurch, dass sie erst aufgeblasen werden und dann steigen.<\/i><\/strong><\/p>\n<p>Aus meiner Erfahrung als K\u00e4ufer und Verk\u00e4ufer in Kleve der hier:<\/p>\n<p><strong><i>Es gibt etliche Menschen, die wohl ihr ganzes Leben lang gegen T\u00fcren dr\u00fccken, an denen \u00bbziehen\u00ab steht. und&#8230;<\/i><\/strong><\/p>\n<p><strong><i>Andere Menschen tr\u00e4umen ihr Leben lang von Dingen, die sie l\u00e4ngst haben w\u00fcrden, wenn sie nicht so viel tr\u00e4umten.<\/i><\/strong><\/p>\n<p>Im Zeitalter des Internets sollten, so denke ich, selbst Kinder in der Schule sich den allgemeinen Gepflogenheiten anpassen. So w\u00fcrde ich empfehlen, demn\u00e4chst &#8211; rein prophylaktisch &#8211; unter jeden Aufsatz zu vermerken:<\/p>\n<p><strong><i>&#8222;Alle Rechte vorbehalten, einschlie\u00dflich Verfilmung und Online-Rechte.&#8220;<\/i><\/strong><\/p>\n<p>Gerade \u00fcberlege ich, ob es nicht auch einen netten lustigen Spruch in Klever Platt gibt.<\/p>\n<p>In schw\u00e4bischem Dialekt w\u00e4re das verh\u00e4ltnism\u00e4\u00dfig einfach. da braucht man lediglich den Unterkiefer leicht vorschieben, an nichts Erhabenes denken und dann die Sprache einfach kommen lassen.<\/p>\n<p>Klever Platt hat immer auch was Edles, Gedankenvolles, Melodisches. Jeder Satz klingt wie eigens komponiert.<\/p>\n<p><b><i>&#8222;Geij kommt van et H\u00f6ckske op et St\u00f6ckske.&#8220;<\/i><\/b><\/p>\n<p>(\u00dcbersetzung: <i>&#8222;Du kommst vonnen Hock aufen Stock.&#8220;<\/i> )<\/p>\n<p>Was hei\u00dft das? Was soll es uns sagen? Was bedeutet das? &#8211; &#8230;Ich wei\u00df es nicht. Vermutlich ist es also genau das.<br \/>\nAuch unsere holl\u00e4ndischen Freunde und Nachbarn sollen nicht ungeschoren davonkommen. Daher dieser hier:<\/p>\n<p><strong><i>Die holl\u00e4ndische Tomate ist der vierte Aggregatzustand des Wassers.<\/i><\/strong><\/p>\n<p>Das Klever Platt unsere Muttersprache ist, bleibt den wirklichen Klevern vorbehalten.<br \/>\nAllerdings ist es falsch anzunehmen, dass die Muttersprache &#8222;MUTTER&#8220;sprache hei\u00dft, weil die V\u00e4ter nie zu Wort kommen.<\/p>\n<p>Der unvergessene Konrad Adenauer mit seinem rheinischen Humor beliebte einmal zu bemerken:<\/p>\n<p><strong><i>&#8222;Wir alle leben unter demselben Himmel&#8230;wir haben aber nicht alle den gleichen Horizont.&#8220;<\/i><\/strong><\/p>\n<p>Darum gibt es trotz allem immer wieder Menschen, die sich mangels eigenen Gewichts \u00fcberall beschweren m\u00fcssen oder&#8230;.wie Curt Goetz so treffend ausdr\u00fcckte:<\/p>\n<p><b><i>&#8222;Allen ist das Denken erlaubt. Vielen bleibt es erspart. &#8222;<\/i><\/b><\/p>\n<p><a href=\"http:\/\/www.kle-blatt.de\/blog\/wp-content\/uploads\/2013\/12\/woman_back_and_forth_questions_12477.gif\"><img loading=\"lazy\" decoding=\"async\" class=\"alignleft size-full wp-image-7359\" src=\"https:\/\/www.kle-blatt.de\/blog\/wp-content\/uploads\/2013\/12\/woman_back_and_forth_questions_12477.gif\" alt=\"Spr\u00fccheklopferei Vom Feinsten zum Jahresausklang\" width=\"380\" height=\"500\" \/><\/a><\/p>\n<p>Was soll ich sagen? Lass&#8216; es nie soweit kommen, dass man \u00fcber Dich folgendes denkt:<\/p>\n<p><strong><i>Bei manchen Leuten ist das Nasebohren der einzige Beweis, dass sie gelegentlich in sich gehen.<\/i><\/strong><\/p>\n<p><b><i>&#8222;Denn Bekloppte, denn die \u00c4rbeijt erfonden h\u00e4tt, denn h\u00e4tt niet v\u00f6\u00f6l te duun gehatt.&#8220;<\/i><\/b><\/p>\n<p>(\u00dcbersetzung: <i>&#8220; Der Beklopfte, der die Arbeit erfunden hat, muss nicht viel zu tun gehabt haben.&#8220; <\/i>)<\/p>\n<p>Boah &#8211; selbst wenn es stimmt, dass Deutschland das Epizentrum der Humorlosigkeit ist, weil wir der Ansicht sind, dass keine Arbeit so gut bezahlt wird, dass sie auch noch Spa\u00df macht &#8211; Lachen k\u00f6nnen wir trotzdem.<br \/>\nDu kennst doch auch die Tage, die vom Teufel gemacht sind, wo gleich beim Aufwachen alles daneben geht. Dazu h\u00f6rte ich diesen Spruch:<\/p>\n<p><b><i>Wenn etwas schiefgegangen ist , wird es das wieder tun.<\/i><\/b><\/p>\n<p>Irgendeinen von diesen klugen, lustigen oder teilweise auch unwichtigen Weisheiten werde ich mir eines Tages auf ein T- Shirt drucken lassen, um damit anzugeben.<br \/>\nOder auf ein Poloshirt, oder auf eine Baseballkappe, oder auf ein Hemd, oder auf irgendwas anderes. Scheint jetzt absolut \u201eIn\u201c zu sein.<br \/>\nVielleicht findest Du dann auch diese kluge Erkenntnis:<\/p>\n<p><strong><i>Schulden sind das Einzige, was man ohne Geld machen kann.<\/i> <\/strong>Oder auch:<\/p>\n<p><strong><i>Nach der Erledigung aller Formalit\u00e4ten stellt man fest, dass sie das Leben waren.<\/i><\/strong><\/p>\n<p>Ek s\u00e4ch dann ma sch\u00fcss, wa. Bess m\u00e4\u00e4rge off so.<\/p>\n<p><strong>Wenn Dir die Geschichten aus der KLE-Blatt-Reihe: &#8222;Der Klever Philosoph&#8220; gefallen, kannst Du viel mehr davon auch per Ebook bekommen in allen bekannten Online-Book-Stores wie Amazon. de, Weltbild.de, Thalia.de. Hugendubel.de, book.de, buecher.de, Bookrix.de, etc. oder Du besorgst Dir hier das Taschenbuch:<\/strong><\/p>\n<p><a href=\"http:\/\/shop.kle-blatt.de\/produkt\/kennst-du-das-auch-toni-85-wahre-lustige-unglaubliche-schreiend-komische-verrueckte-und-interessante-episoden-aus-dem-wahren-leben\/\" target=\"_blank\" rel=\"noopener\"><img loading=\"lazy\" decoding=\"async\" class=\"size-full wp-image-17245 aligncenter\" src=\"http:\/\/www.kle-blatt.de\/blog\/wp-content\/uploads\/2014\/12\/kennst-du-das-auch-toni-buch.jpg\" alt=\"kennst du das auch toni - buch\" width=\"650\" height=\"986\" srcset=\"https:\/\/www.kle-blatt.de\/blog\/wp-content\/uploads\/2014\/12\/kennst-du-das-auch-toni-buch.jpg 650w, https:\/\/www.kle-blatt.de\/blog\/wp-content\/uploads\/2014\/12\/kennst-du-das-auch-toni-buch-198x300.jpg 198w\" sizes=\"auto, (max-width: 650px) 100vw, 650px\" \/><\/a><\/p>\n<p><a href=\"http:\/\/www.amazon.de\/s\/ref=nb_sb_ss_i_0_15?__mk_de_DE=%C3%85M%C3%85%C5%BD%C3%95%C3%91&amp;url=search-alias%3Daps&amp;field-keywords=j%C3%BCrgen+reintjes&amp;sprefix=j%C3%BCrgen+reintjes%2Caps%2C178\" target=\"_blank\" rel=\"noopener\"><img loading=\"lazy\" decoding=\"async\" class=\"size-full wp-image-5529 aligncenter\" src=\"https:\/\/www.kle-blatt.de\/blog\/wp-content\/uploads\/2013\/08\/ebooks.jpg\" alt=\"Spr\u00fccheklopferei Vom Feinsten zum Jahresausklang\" width=\"850\" height=\"573\" \/><\/a><\/p>\n","protected":false},"excerpt":{"rendered":"<p>Spr\u00fccheklopferei Vom Feinsten zum Jahresausklang Kennst Du das auch? Letzte Tage war ich auf dem Wochenmarkt oben anne Linde. Pl\u00f6tzlich &hellip; <a href=\"https:\/\/www.kle-blatt.de\/blog\/buecher-ueber-kleve\/der-klever-philosoph\/spruecheklopferei-vom-feinsten.html\" class=\"more-link\"><span class=\"more-button\">Weiterlesen<span class=\"screen-reader-text\">Spr\u00fccheklopferei Vom Feinsten zum Jahresausklang<\/span><\/span><\/a><\/p>\n","protected":false},"author":2,"featured_media":7359,"comment_status":"open","ping_status":"closed","sticky":false,"template":"","format":"standard","meta":{"footnotes":""},"categories":[14],"tags":[1577],"class_list":["post-7357","post","type-post","status-publish","format-standard","has-post-thumbnail","hentry","category-der-klever-philosoph","tag-spruecheklopferei-vom-feinsten"],"_links":{"self":[{"href":"https:\/\/www.kle-blatt.de\/blog\/wp-json\/wp\/v2\/posts\/7357","targetHints":{"allow":["GET"]}}],"collection":[{"href":"https:\/\/www.kle-blatt.de\/blog\/wp-json\/wp\/v2\/posts"}],"about":[{"href":"https:\/\/www.kle-blatt.de\/blog\/wp-json\/wp\/v2\/types\/post"}],"author":[{"embeddable":true,"href":"https:\/\/www.kle-blatt.de\/blog\/wp-json\/wp\/v2\/users\/2"}],"replies":[{"embeddable":true,"href":"https:\/\/www.kle-blatt.de\/blog\/wp-json\/wp\/v2\/comments?post=7357"}],"version-history":[{"count":2,"href":"https:\/\/www.kle-blatt.de\/blog\/wp-json\/wp\/v2\/posts\/7357\/revisions"}],"predecessor-version":[{"id":29630,"href":"https:\/\/www.kle-blatt.de\/blog\/wp-json\/wp\/v2\/posts\/7357\/revisions\/29630"}],"wp:featuredmedia":[{"embeddable":true,"href":"https:\/\/www.kle-blatt.de\/blog\/wp-json\/wp\/v2\/media\/7359"}],"wp:attachment":[{"href":"https:\/\/www.kle-blatt.de\/blog\/wp-json\/wp\/v2\/media?parent=7357"}],"wp:term":[{"taxonomy":"category","embeddable":true,"href":"https:\/\/www.kle-blatt.de\/blog\/wp-json\/wp\/v2\/categories?post=7357"},{"taxonomy":"post_tag","embeddable":true,"href":"https:\/\/www.kle-blatt.de\/blog\/wp-json\/wp\/v2\/tags?post=7357"}],"curies":[{"name":"wp","href":"https:\/\/api.w.org\/{rel}","templated":true}]}}