{"id":7388,"date":"2022-12-04T06:10:04","date_gmt":"2022-12-04T04:10:04","guid":{"rendered":"http:\/\/www.kle-blatt.de\/blog\/?p=7388"},"modified":"2022-11-14T13:30:02","modified_gmt":"2022-11-14T11:30:02","slug":"schuetzenhaus-kleve-damals-und-heute","status":"publish","type":"post","link":"https:\/\/www.kle-blatt.de\/blog\/kleve-in-foto-video\/schuetzenhaus-kleve-damals-und-heute.html","title":{"rendered":"Sch\u00fctzenhaus Kleve &#8211; Damals und Heute"},"content":{"rendered":"<p><strong>Sch\u00fctzenhaus Kleve &#8211; Damals und Heute<\/strong><\/p>\n<p>Der ehemalige &#8222;Feiertempel&#8220; von Kleve an seinem Standort im Erlenb\u00fcschchen am fr\u00fcheren &#8222;Sch\u00fctzenpark&#8220;. Einzig erhalten geblieben ist das Soldaten-Ehrenmal, dessen behelmten K\u00f6pfe teilweise dem Verfall oder eventuell auch der Umweltverschmutzung zum Opfer gefallen\u00a0sind.<br \/>\nHier ging einmal die Post ab.<\/p>\n<p><a href=\"http:\/\/www.kle-blatt.de\/blog\/wp-content\/uploads\/2013\/12\/sch\u00fctzenhaus-kleve.jpg\"><img loading=\"lazy\" decoding=\"async\" class=\"size-full wp-image-7389 aligncenter\" src=\"https:\/\/www.kle-blatt.de\/blog\/wp-content\/uploads\/2013\/12\/sch\u00fctzenhaus-kleve.jpg\" alt=\"Sch\u00fctzenhaus Kleve - Damals und Heute\" width=\"850\" height=\"754\" \/><\/a><br \/>\n(Foto eingereicht von Udo Kleinendonk)<\/p>\n<p>Heute veranstaltet die Kleinkunstgruppe &#8222;Cinque&#8220; Ihre Sommerveranstaltungen hier am gleichen Ort.<br \/>\nZumindest bleibt dadurch ein kleiner Teil von Tradition bewahrt.<\/p>\n<p><a href=\"http:\/\/www.kle-blatt.de\/blog\/wp-content\/uploads\/2013\/12\/sch\u00fctzenhaus-neu.jpg\"><img loading=\"lazy\" decoding=\"async\" class=\"size-full wp-image-7390 aligncenter\" src=\"https:\/\/www.kle-blatt.de\/blog\/wp-content\/uploads\/2013\/12\/sch\u00fctzenhaus-neu.jpg\" alt=\"Sch\u00fctzenhaus Kleve - Damals und Heute\" width=\"850\" height=\"565\" \/><\/a><br \/>\n(Foto: KLE-Blatt)<\/p>\n","protected":false},"excerpt":{"rendered":"<p>Sch\u00fctzenhaus Kleve &#8211; Damals und Heute Der ehemalige &#8222;Feiertempel&#8220; von Kleve an seinem Standort im Erlenb\u00fcschchen am fr\u00fcheren &#8222;Sch\u00fctzenpark&#8220;. Einzig &hellip; <a href=\"https:\/\/www.kle-blatt.de\/blog\/kleve-in-foto-video\/schuetzenhaus-kleve-damals-und-heute.html\" class=\"more-link\"><span class=\"more-button\">Weiterlesen<span class=\"screen-reader-text\">Sch\u00fctzenhaus Kleve &#8211; Damals und Heute<\/span><\/span><\/a><\/p>\n","protected":false},"author":2,"featured_media":7389,"comment_status":"open","ping_status":"closed","sticky":false,"template":"","format":"standard","meta":{"footnotes":""},"categories":[3],"tags":[1584],"class_list":["post-7388","post","type-post","status-publish","format-standard","has-post-thumbnail","hentry","category-kleve-in-foto-video","tag-schuetzenhaus-kleve-damals-und-heute"],"_links":{"self":[{"href":"https:\/\/www.kle-blatt.de\/blog\/wp-json\/wp\/v2\/posts\/7388","targetHints":{"allow":["GET"]}}],"collection":[{"href":"https:\/\/www.kle-blatt.de\/blog\/wp-json\/wp\/v2\/posts"}],"about":[{"href":"https:\/\/www.kle-blatt.de\/blog\/wp-json\/wp\/v2\/types\/post"}],"author":[{"embeddable":true,"href":"https:\/\/www.kle-blatt.de\/blog\/wp-json\/wp\/v2\/users\/2"}],"replies":[{"embeddable":true,"href":"https:\/\/www.kle-blatt.de\/blog\/wp-json\/wp\/v2\/comments?post=7388"}],"version-history":[{"count":2,"href":"https:\/\/www.kle-blatt.de\/blog\/wp-json\/wp\/v2\/posts\/7388\/revisions"}],"predecessor-version":[{"id":31279,"href":"https:\/\/www.kle-blatt.de\/blog\/wp-json\/wp\/v2\/posts\/7388\/revisions\/31279"}],"wp:featuredmedia":[{"embeddable":true,"href":"https:\/\/www.kle-blatt.de\/blog\/wp-json\/wp\/v2\/media\/7389"}],"wp:attachment":[{"href":"https:\/\/www.kle-blatt.de\/blog\/wp-json\/wp\/v2\/media?parent=7388"}],"wp:term":[{"taxonomy":"category","embeddable":true,"href":"https:\/\/www.kle-blatt.de\/blog\/wp-json\/wp\/v2\/categories?post=7388"},{"taxonomy":"post_tag","embeddable":true,"href":"https:\/\/www.kle-blatt.de\/blog\/wp-json\/wp\/v2\/tags?post=7388"}],"curies":[{"name":"wp","href":"https:\/\/api.w.org\/{rel}","templated":true}]}}