{"id":7572,"date":"2026-01-21T07:10:16","date_gmt":"2026-01-21T05:10:16","guid":{"rendered":"http:\/\/www.kle-blatt.de\/blog\/?p=7572"},"modified":"2025-12-03T14:19:01","modified_gmt":"2025-12-03T12:19:01","slug":"das-ende-der-biskuitfabrik-xox-in-kleve","status":"publish","type":"post","link":"https:\/\/www.kle-blatt.de\/blog\/kleve-in-foto-video\/das-ende-der-biskuitfabrik-xox-in-kleve.html","title":{"rendered":"Warst Du auch dabei? Das Ende der Biskuitfabrik XOX in Kleve"},"content":{"rendered":"<p><strong>Warst Du auch dabei? Das Ende der Biskuitfabrik XOX in Kleve<\/strong><\/p>\n<p>Ende November 1977 wurde das Inventar der legend\u00e4ren Biskuitfabrik XOX in Kleve versteigert. \u00dcber 2.000 Einzelpositionen kamen unter den Hammer und die ehemaligen Mitarbeiter mussten tatenlos zusehen, wie sich f\u00fcr sie alles in Luft aufl\u00f6ste. Die \u00dcbernahme der Fabrik durch das amerikanische Unternehmen Nabisco war wohl entscheidend f\u00fcr das bittere Ende einer Klever Fabrik-Legende.<br \/>\nVersteigert wurde restlos alles. Auch die Waagen. Aber in erster Linie waren es die Maschinen, die das Interesse von &#8222;Schn\u00e4ppchenj\u00e4gern&#8220; weckten.<\/p>\n<p><a href=\"http:\/\/www.kle-blatt.de\/blog\/wp-content\/uploads\/2013\/12\/xox-216.jpg\"><img loading=\"lazy\" decoding=\"async\" class=\"size-full wp-image-7573 aligncenter\" src=\"https:\/\/www.kle-blatt.de\/blog\/wp-content\/uploads\/2013\/12\/xox-216.jpg\" alt=\"Warst Du auch dabei? Das Ende der Biskuitfabrik XOX in Kleve\" width=\"850\" height=\"1127\" \/><\/a><br \/>\n<a href=\"http:\/\/www.kle-blatt.de\/blog\/wp-content\/uploads\/2013\/12\/xox-218.jpg\"><img loading=\"lazy\" decoding=\"async\" class=\"size-full wp-image-7574 aligncenter\" src=\"https:\/\/www.kle-blatt.de\/blog\/wp-content\/uploads\/2013\/12\/xox-218.jpg\" alt=\"Warst Du auch dabei? Das Ende der Biskuitfabrik XOX in Kleve\" width=\"850\" height=\"1104\" \/><\/a><br \/>\n(Fotos: &#8222;1977 im Kleverland&#8220; &#8211; G.Evers \/ P.Janssen)<\/p>\n","protected":false},"excerpt":{"rendered":"<p>Warst Du auch dabei? Das Ende der Biskuitfabrik XOX in Kleve Ende November 1977 wurde das Inventar der legend\u00e4ren Biskuitfabrik &hellip; <a href=\"https:\/\/www.kle-blatt.de\/blog\/kleve-in-foto-video\/das-ende-der-biskuitfabrik-xox-in-kleve.html\" class=\"more-link\"><span class=\"more-button\">Weiterlesen<span class=\"screen-reader-text\">Warst Du auch dabei? Das Ende der Biskuitfabrik XOX in Kleve<\/span><\/span><\/a><\/p>\n","protected":false},"author":2,"featured_media":7573,"comment_status":"closed","ping_status":"closed","sticky":false,"template":"","format":"standard","meta":{"footnotes":""},"categories":[3],"tags":[1634],"class_list":["post-7572","post","type-post","status-publish","format-standard","has-post-thumbnail","hentry","category-kleve-in-foto-video","tag-das-ende-der-biskuitfabrik-xox-in-kleve"],"_links":{"self":[{"href":"https:\/\/www.kle-blatt.de\/blog\/wp-json\/wp\/v2\/posts\/7572","targetHints":{"allow":["GET"]}}],"collection":[{"href":"https:\/\/www.kle-blatt.de\/blog\/wp-json\/wp\/v2\/posts"}],"about":[{"href":"https:\/\/www.kle-blatt.de\/blog\/wp-json\/wp\/v2\/types\/post"}],"author":[{"embeddable":true,"href":"https:\/\/www.kle-blatt.de\/blog\/wp-json\/wp\/v2\/users\/2"}],"replies":[{"embeddable":true,"href":"https:\/\/www.kle-blatt.de\/blog\/wp-json\/wp\/v2\/comments?post=7572"}],"version-history":[{"count":2,"href":"https:\/\/www.kle-blatt.de\/blog\/wp-json\/wp\/v2\/posts\/7572\/revisions"}],"predecessor-version":[{"id":36275,"href":"https:\/\/www.kle-blatt.de\/blog\/wp-json\/wp\/v2\/posts\/7572\/revisions\/36275"}],"wp:featuredmedia":[{"embeddable":true,"href":"https:\/\/www.kle-blatt.de\/blog\/wp-json\/wp\/v2\/media\/7573"}],"wp:attachment":[{"href":"https:\/\/www.kle-blatt.de\/blog\/wp-json\/wp\/v2\/media?parent=7572"}],"wp:term":[{"taxonomy":"category","embeddable":true,"href":"https:\/\/www.kle-blatt.de\/blog\/wp-json\/wp\/v2\/categories?post=7572"},{"taxonomy":"post_tag","embeddable":true,"href":"https:\/\/www.kle-blatt.de\/blog\/wp-json\/wp\/v2\/tags?post=7572"}],"curies":[{"name":"wp","href":"https:\/\/api.w.org\/{rel}","templated":true}]}}