{"id":7626,"date":"2022-12-02T06:30:42","date_gmt":"2022-12-02T04:30:42","guid":{"rendered":"http:\/\/www.kle-blatt.de\/blog\/?p=7626"},"modified":"2022-11-14T12:39:08","modified_gmt":"2022-11-14T10:39:08","slug":"das-bellevue-an-der-nassauer-allee-in-kleve","status":"publish","type":"post","link":"https:\/\/www.kle-blatt.de\/blog\/kleve-in-foto-video\/das-bellevue-an-der-nassauer-allee-in-kleve.html","title":{"rendered":"Das Bellevue an der Nassauer Allee in Kleve"},"content":{"rendered":"<p><strong>Das Bellevue an der Nassauer Allee in Kleve<\/strong><\/p>\n<p>Diese absolute Traumvilla trug ihren Namen Bellevue, was soviel hei\u00dft wie &#8222;Sch\u00f6ne Aussicht&#8220;, vollkommen zu Recht.<br \/>\nEs war zu seiner Zeit wohl die vornehmste Adresse in Kleve, denn wenn Friedrich der Gro\u00dfe oder sein Nachfolger Friedrich Wilhelm II in der Lohengrinstadt zu Besuch waren, dann wohnten sie hier.<br \/>\nDirekt am Hang zum Kermisdahl gelegen bot sich ein Weitblick, den man nur noch von der Terrasse des Hotels Maywald erleben konnte. Leider wurde das pr\u00e4chtige Geb\u00e4ude beim Luftangriff auf Kleve im Jahre 1944 komplett zerst\u00f6rt. Der bittere Verlust eines wahren Kleinods.<\/p>\n<p><a href=\"http:\/\/www.kle-blatt.de\/blog\/wp-content\/uploads\/2013\/12\/haus-bellevue-nr47.jpg\"><img loading=\"lazy\" decoding=\"async\" class=\"size-full wp-image-7627 aligncenter\" src=\"https:\/\/www.kle-blatt.de\/blog\/wp-content\/uploads\/2013\/12\/haus-bellevue-nr47.jpg\" alt=\"Das Bellevue an der Nassauer Allee in Kleve\" width=\"850\" height=\"568\" \/><\/a><br \/>\n(Foto: Ewald Steiger \u2013 \u00a9 Kreisarchiv Kleve \u2013 KA Kle D12, Kleve LX 16)<\/p>\n","protected":false},"excerpt":{"rendered":"<p>Das Bellevue an der Nassauer Allee in Kleve Diese absolute Traumvilla trug ihren Namen Bellevue, was soviel hei\u00dft wie &#8222;Sch\u00f6ne &hellip; <a href=\"https:\/\/www.kle-blatt.de\/blog\/kleve-in-foto-video\/das-bellevue-an-der-nassauer-allee-in-kleve.html\" class=\"more-link\"><span class=\"more-button\">Weiterlesen<span class=\"screen-reader-text\">Das Bellevue an der Nassauer Allee in Kleve<\/span><\/span><\/a><\/p>\n","protected":false},"author":2,"featured_media":7627,"comment_status":"open","ping_status":"closed","sticky":false,"template":"","format":"standard","meta":{"footnotes":""},"categories":[3],"tags":[1650],"class_list":["post-7626","post","type-post","status-publish","format-standard","has-post-thumbnail","hentry","category-kleve-in-foto-video","tag-das-bellevue-an-der-nassauer-allee-in-kleve"],"_links":{"self":[{"href":"https:\/\/www.kle-blatt.de\/blog\/wp-json\/wp\/v2\/posts\/7626","targetHints":{"allow":["GET"]}}],"collection":[{"href":"https:\/\/www.kle-blatt.de\/blog\/wp-json\/wp\/v2\/posts"}],"about":[{"href":"https:\/\/www.kle-blatt.de\/blog\/wp-json\/wp\/v2\/types\/post"}],"author":[{"embeddable":true,"href":"https:\/\/www.kle-blatt.de\/blog\/wp-json\/wp\/v2\/users\/2"}],"replies":[{"embeddable":true,"href":"https:\/\/www.kle-blatt.de\/blog\/wp-json\/wp\/v2\/comments?post=7626"}],"version-history":[{"count":2,"href":"https:\/\/www.kle-blatt.de\/blog\/wp-json\/wp\/v2\/posts\/7626\/revisions"}],"predecessor-version":[{"id":31274,"href":"https:\/\/www.kle-blatt.de\/blog\/wp-json\/wp\/v2\/posts\/7626\/revisions\/31274"}],"wp:featuredmedia":[{"embeddable":true,"href":"https:\/\/www.kle-blatt.de\/blog\/wp-json\/wp\/v2\/media\/7627"}],"wp:attachment":[{"href":"https:\/\/www.kle-blatt.de\/blog\/wp-json\/wp\/v2\/media?parent=7626"}],"wp:term":[{"taxonomy":"category","embeddable":true,"href":"https:\/\/www.kle-blatt.de\/blog\/wp-json\/wp\/v2\/categories?post=7626"},{"taxonomy":"post_tag","embeddable":true,"href":"https:\/\/www.kle-blatt.de\/blog\/wp-json\/wp\/v2\/tags?post=7626"}],"curies":[{"name":"wp","href":"https:\/\/api.w.org\/{rel}","templated":true}]}}