{"id":7684,"date":"2020-01-14T07:00:55","date_gmt":"2020-01-14T05:00:55","guid":{"rendered":"http:\/\/www.kle-blatt.de\/blog\/?p=7684"},"modified":"2019-12-24T13:03:40","modified_gmt":"2019-12-24T11:03:40","slug":"die-terrasse-des-hotels-prinzenhof-von-kleve","status":"publish","type":"post","link":"https:\/\/www.kle-blatt.de\/blog\/kleve-in-foto-video\/die-terrasse-des-hotels-prinzenhof-von-kleve.html","title":{"rendered":"Blick von der Terrasse des Hotels Prinzenhof"},"content":{"rendered":"<p><strong>Blick von der Terrasse des Hotels Prinzenhof <\/strong><\/p>\n<p>Diese geniale Aussicht bot der Blick von der Terrasse des Hotels Prinzenhof aus im Moritz-Park von Kleve.<br \/>\nUnten der Spiegel des Kermisdahl, mittig dar\u00fcber mit den vier Kaminen die alte Gasanstalt am K\u00f6nigsgarten, die 1908 abgerissen wurde f\u00fcr den Neubau des Stadtbades. Die sich damals bereits abzeichnende aufstrebende Industrialisierung Kleves l\u00e4sst sich an den zahlreichen qualmenden Kaminen im Hintergrund feststellen.<\/p>\n<p><a href=\"http:\/\/www.kle-blatt.de\/blog\/wp-content\/uploads\/2013\/12\/hotel-prinzenhof-blick-von-terrasse-72.jpg\"><img loading=\"lazy\" decoding=\"async\" class=\"alignleft size-full wp-image-7685\" src=\"http:\/\/www.kle-blatt.de\/blog\/wp-content\/uploads\/2013\/12\/hotel-prinzenhof-blick-von-terrasse-72.jpg\" alt=\"Blick von der Terrasse des Hotels Prinzenhof \" width=\"849\" height=\"517\" \/><\/a><br \/>\n(Mit freundlicher Genehmigung von Klaus Radermacher aus seinem Buch &#8222;Bad Cleve in Photographien um die Jahrhundertwende&#8220;)<\/p>\n","protected":false},"excerpt":{"rendered":"<p>Blick von der Terrasse des Hotels Prinzenhof Diese geniale Aussicht bot der Blick von der Terrasse des Hotels Prinzenhof aus &hellip; <a href=\"https:\/\/www.kle-blatt.de\/blog\/kleve-in-foto-video\/die-terrasse-des-hotels-prinzenhof-von-kleve.html\" class=\"more-link\"><span class=\"more-button\">Weiterlesen<span class=\"screen-reader-text\">Blick von der Terrasse des Hotels Prinzenhof<\/span><\/span><\/a><\/p>\n","protected":false},"author":2,"featured_media":0,"comment_status":"open","ping_status":"closed","sticky":false,"template":"","format":"standard","meta":{"footnotes":""},"categories":[3],"tags":[5236,1667],"class_list":["post-7684","post","type-post","status-publish","format-standard","hentry","category-kleve-in-foto-video","tag-blick-von-der-terrasse-des-hotels-prinzenhof","tag-die-terrasse-des-hotels-prinzenhof-von-kleve"],"_links":{"self":[{"href":"https:\/\/www.kle-blatt.de\/blog\/wp-json\/wp\/v2\/posts\/7684","targetHints":{"allow":["GET"]}}],"collection":[{"href":"https:\/\/www.kle-blatt.de\/blog\/wp-json\/wp\/v2\/posts"}],"about":[{"href":"https:\/\/www.kle-blatt.de\/blog\/wp-json\/wp\/v2\/types\/post"}],"author":[{"embeddable":true,"href":"https:\/\/www.kle-blatt.de\/blog\/wp-json\/wp\/v2\/users\/2"}],"replies":[{"embeddable":true,"href":"https:\/\/www.kle-blatt.de\/blog\/wp-json\/wp\/v2\/comments?post=7684"}],"version-history":[{"count":0,"href":"https:\/\/www.kle-blatt.de\/blog\/wp-json\/wp\/v2\/posts\/7684\/revisions"}],"wp:attachment":[{"href":"https:\/\/www.kle-blatt.de\/blog\/wp-json\/wp\/v2\/media?parent=7684"}],"wp:term":[{"taxonomy":"category","embeddable":true,"href":"https:\/\/www.kle-blatt.de\/blog\/wp-json\/wp\/v2\/categories?post=7684"},{"taxonomy":"post_tag","embeddable":true,"href":"https:\/\/www.kle-blatt.de\/blog\/wp-json\/wp\/v2\/tags?post=7684"}],"curies":[{"name":"wp","href":"https:\/\/api.w.org\/{rel}","templated":true}]}}