{"id":7881,"date":"2016-10-25T07:20:17","date_gmt":"2016-10-25T05:20:17","guid":{"rendered":"http:\/\/www.kle-blatt.de\/blog\/?p=7881"},"modified":"2016-10-25T09:48:59","modified_gmt":"2016-10-25T07:48:59","slug":"ein-gemuetlicher-abendspaziergang-durch-kleve","status":"publish","type":"post","link":"https:\/\/www.kle-blatt.de\/blog\/allgemein\/ein-gemuetlicher-abendspaziergang-durch-kleve.html","title":{"rendered":"Ein &#8222;gem\u00fctlicher&#8220; Abendspaziergang durch Kleve"},"content":{"rendered":"<p><b>Themenf\u00fchrung \u201eDie dunkle Seite von Kleve\u201c am\u00a006. November<\/b><\/p>\n<p><a href=\"http:\/\/www.kle-blatt.de\/blog\/wp-content\/uploads\/2013\/12\/gute-nacht.jpg\"><img loading=\"lazy\" decoding=\"async\" class=\"alignleft size-full wp-image-7882\" src=\"http:\/\/www.kle-blatt.de\/blog\/wp-content\/uploads\/2013\/12\/gute-nacht.jpg\" alt=\"gute nacht\" width=\"850\" height=\"685\" srcset=\"https:\/\/www.kle-blatt.de\/blog\/wp-content\/uploads\/2013\/12\/gute-nacht.jpg 650w, https:\/\/www.kle-blatt.de\/blog\/wp-content\/uploads\/2013\/12\/gute-nacht-300x242.jpg 300w\" sizes=\"auto, (max-width: 850px) 100vw, 850px\" \/><\/a><br \/>\n(Bild: Dieter Borrmann)<\/p>\n<p>Passend zum Beginn der dunkleren Jahreszeit bietet Kleve Marketing die F\u00fchrung \u201eDie dunkle Seite von Kleve\u201c an. So wird die Historikerin Helga Ullrich-Scheyda am 06. und 25. November bei dem 90-min\u00fctigen Rundgang die finsteren Themen der Stadtgeschichte pr\u00e4sentieren und von R\u00e4uberbanden, Hinrichtungen und n\u00e4chtlichen Vergn\u00fcgungen berichten. Die F\u00fchrung beginnt um 18.30 Uhr am Koekkoekplatz und endet am Fischmarkt. Die Teilnahme kostet 5 \u20ac pro Person, eine Anmeldung bei Kleve Marketing (Tel.: 02821\/895090) ist aufgrund gro\u00dfer Nachfrage erforderlich.<\/p>\n","protected":false},"excerpt":{"rendered":"<p>Themenf\u00fchrung \u201eDie dunkle Seite von Kleve\u201c am\u00a006. November (Bild: Dieter Borrmann) Passend zum Beginn der dunkleren Jahreszeit bietet Kleve Marketing &hellip; <a href=\"https:\/\/www.kle-blatt.de\/blog\/allgemein\/ein-gemuetlicher-abendspaziergang-durch-kleve.html\" class=\"more-link\"><span class=\"more-button\">Weiterlesen<span class=\"screen-reader-text\">Ein &#8222;gem\u00fctlicher&#8220; Abendspaziergang durch Kleve<\/span><\/span><\/a><\/p>\n","protected":false},"author":2,"featured_media":0,"comment_status":"open","ping_status":"closed","sticky":false,"template":"","format":"standard","meta":{"footnotes":""},"categories":[1],"tags":[1724],"class_list":["post-7881","post","type-post","status-publish","format-standard","hentry","category-allgemein","tag-ein-gemuetlicher-abendspaziergang-durch-kleve"],"_links":{"self":[{"href":"https:\/\/www.kle-blatt.de\/blog\/wp-json\/wp\/v2\/posts\/7881","targetHints":{"allow":["GET"]}}],"collection":[{"href":"https:\/\/www.kle-blatt.de\/blog\/wp-json\/wp\/v2\/posts"}],"about":[{"href":"https:\/\/www.kle-blatt.de\/blog\/wp-json\/wp\/v2\/types\/post"}],"author":[{"embeddable":true,"href":"https:\/\/www.kle-blatt.de\/blog\/wp-json\/wp\/v2\/users\/2"}],"replies":[{"embeddable":true,"href":"https:\/\/www.kle-blatt.de\/blog\/wp-json\/wp\/v2\/comments?post=7881"}],"version-history":[{"count":0,"href":"https:\/\/www.kle-blatt.de\/blog\/wp-json\/wp\/v2\/posts\/7881\/revisions"}],"wp:attachment":[{"href":"https:\/\/www.kle-blatt.de\/blog\/wp-json\/wp\/v2\/media?parent=7881"}],"wp:term":[{"taxonomy":"category","embeddable":true,"href":"https:\/\/www.kle-blatt.de\/blog\/wp-json\/wp\/v2\/categories?post=7881"},{"taxonomy":"post_tag","embeddable":true,"href":"https:\/\/www.kle-blatt.de\/blog\/wp-json\/wp\/v2\/tags?post=7881"}],"curies":[{"name":"wp","href":"https:\/\/api.w.org\/{rel}","templated":true}]}}