{"id":8465,"date":"2024-02-20T07:00:17","date_gmt":"2024-02-20T05:00:17","guid":{"rendered":"http:\/\/www.kle-blatt.de\/blog\/?p=8465"},"modified":"2024-01-04T11:56:40","modified_gmt":"2024-01-04T09:56:40","slug":"kavarinerstrasse-der-beginn-der-stadt-kleve","status":"publish","type":"post","link":"https:\/\/www.kle-blatt.de\/blog\/kleve-in-foto-video\/kavarinerstrasse-der-beginn-der-stadt-kleve.html","title":{"rendered":"Kavarinerstra\u00dfe &#8211; Der Beginn der Stadt Kleve"},"content":{"rendered":"<p><strong>Kavarinerstra\u00dfe &#8211; Der Beginn der Stadt Kleve<\/strong><\/p>\n<p>An diesem geschichtstr\u00e4chtigen Haus begann im 13. Jahrhundert die Stadt Kleve. Bis ins Jahr 1820 hinein war es verbunden mit dem Kavarinertor, welches die Kavarinerstra\u00dfe \u00fcberquerte und an das heutige Museum Haus Koekkoek anschloss. Im Mittelalter versorgte der Bankier Cahorsin die Reisenden, die in die Stadt kamen. Er kam aus der Lombardei aus der Stadt Cahor, worauf sich sein Name gr\u00fcndete. Mundartlich sagte man auch &#8222;Kauversiner&#8220;, wonach letztlich die Kavarinerstra\u00dfe ihren Namen bezog.<br \/>\nHeute lockt die Kavarinerstra\u00dfe &#8211; die Stra\u00dfe mit Charme &#8211; die Bev\u00f6lkerung und die Besucher und G\u00e4ste der Stadt mit sch\u00f6nen Gesch\u00e4ften und verlockenden Angeboten. Wer mehr dar\u00fcber erfahren und einen Blick \u00a0riskieren m\u00f6chte, der geht einfach mal hierhin:<\/p>\n<p><a title=\"kavarinerstra\u00dfe\" href=\"http:\/\/www.kavariner.de\/\" target=\"_blank\" rel=\"noopener\"><span style=\"color: #ff0000;\"><strong>KLICK MICH!<\/strong><\/span><\/a><\/p>\n<p><a href=\"http:\/\/www.kle-blatt.de\/blog\/wp-content\/uploads\/2014\/02\/cahorsin-47.jpg\"><img loading=\"lazy\" decoding=\"async\" class=\"size-full wp-image-8466 aligncenter\" src=\"https:\/\/www.kle-blatt.de\/blog\/wp-content\/uploads\/2014\/02\/cahorsin-47.jpg\" alt=\"Kavarinerstra\u00dfe - Der Beginn der Stadt Kleve\" width=\"850\" height=\"576\" \/><\/a><br \/>\n(Foto: &#8222;Bilder unserer Stadt KLEVE&#8220; &#8211; W.Johannes, A.Puyn, E.Wirths)<\/p>\n","protected":false},"excerpt":{"rendered":"<p>Kavarinerstra\u00dfe &#8211; Der Beginn der Stadt Kleve An diesem geschichtstr\u00e4chtigen Haus begann im 13. Jahrhundert die Stadt Kleve. Bis ins &hellip; <a href=\"https:\/\/www.kle-blatt.de\/blog\/kleve-in-foto-video\/kavarinerstrasse-der-beginn-der-stadt-kleve.html\" class=\"more-link\"><span class=\"more-button\">Weiterlesen<span class=\"screen-reader-text\">Kavarinerstra\u00dfe &#8211; Der Beginn der Stadt Kleve<\/span><\/span><\/a><\/p>\n","protected":false},"author":2,"featured_media":8466,"comment_status":"closed","ping_status":"closed","sticky":false,"template":"","format":"standard","meta":{"footnotes":""},"categories":[3],"tags":[1836],"class_list":["post-8465","post","type-post","status-publish","format-standard","has-post-thumbnail","hentry","category-kleve-in-foto-video","tag-kavarinerstrasse-der-beginn-der-stadt-kleve"],"_links":{"self":[{"href":"https:\/\/www.kle-blatt.de\/blog\/wp-json\/wp\/v2\/posts\/8465","targetHints":{"allow":["GET"]}}],"collection":[{"href":"https:\/\/www.kle-blatt.de\/blog\/wp-json\/wp\/v2\/posts"}],"about":[{"href":"https:\/\/www.kle-blatt.de\/blog\/wp-json\/wp\/v2\/types\/post"}],"author":[{"embeddable":true,"href":"https:\/\/www.kle-blatt.de\/blog\/wp-json\/wp\/v2\/users\/2"}],"replies":[{"embeddable":true,"href":"https:\/\/www.kle-blatt.de\/blog\/wp-json\/wp\/v2\/comments?post=8465"}],"version-history":[{"count":2,"href":"https:\/\/www.kle-blatt.de\/blog\/wp-json\/wp\/v2\/posts\/8465\/revisions"}],"predecessor-version":[{"id":33209,"href":"https:\/\/www.kle-blatt.de\/blog\/wp-json\/wp\/v2\/posts\/8465\/revisions\/33209"}],"wp:featuredmedia":[{"embeddable":true,"href":"https:\/\/www.kle-blatt.de\/blog\/wp-json\/wp\/v2\/media\/8466"}],"wp:attachment":[{"href":"https:\/\/www.kle-blatt.de\/blog\/wp-json\/wp\/v2\/media?parent=8465"}],"wp:term":[{"taxonomy":"category","embeddable":true,"href":"https:\/\/www.kle-blatt.de\/blog\/wp-json\/wp\/v2\/categories?post=8465"},{"taxonomy":"post_tag","embeddable":true,"href":"https:\/\/www.kle-blatt.de\/blog\/wp-json\/wp\/v2\/tags?post=8465"}],"curies":[{"name":"wp","href":"https:\/\/api.w.org\/{rel}","templated":true}]}}