{"id":8675,"date":"2020-03-01T07:10:14","date_gmt":"2020-03-01T05:10:14","guid":{"rendered":"http:\/\/www.kle-blatt.de\/blog\/?p=8675"},"modified":"2020-01-22T13:27:58","modified_gmt":"2020-01-22T11:27:58","slug":"der-fruehlingsanfang-ist-am-1-maerz-2014","status":"publish","type":"post","link":"https:\/\/www.kle-blatt.de\/blog\/kleve-in-foto-video\/aus-dem-privatalbum\/der-fruehlingsanfang-ist-am-1-maerz-2014.html","title":{"rendered":"Der Fr\u00fchlingsanfang ist am 1. M\u00e4rz"},"content":{"rendered":"<p><strong>Der Fr\u00fchlingsanfang ist am 1. M\u00e4rz\u00a0<\/strong><\/p>\n<p>Astronomischer Fr\u00fchlingsanfang ist zwar erst am 20. M\u00e4rz, aber der meteorologische bereits am 01.03. 2020 und das ist zum Gl\u00fcck schon HEUTE!<br \/>\nDie ersten untr\u00fcglichen Zeichen sind auch die Krokusse, wie z.B. hier im Forstgarten:<\/p>\n<p><a href=\"http:\/\/www.kle-blatt.de\/blog\/wp-content\/uploads\/2014\/02\/krokus.jpg\"><img loading=\"lazy\" decoding=\"async\" class=\"alignleft size-full wp-image-8677\" src=\"http:\/\/www.kle-blatt.de\/blog\/wp-content\/uploads\/2014\/02\/krokus.jpg\" alt=\"Der Fr\u00fchlingsanfang ist am 1. M\u00e4rz\" width=\"850\" height=\"588\" \/><\/a><br \/>\n(Foto: Rosmarie Gertrude Borchers)<\/p>\n<p><a href=\"http:\/\/www.kle-blatt.de\/blog\/wp-content\/uploads\/2014\/02\/P2240435.jpg\"><img loading=\"lazy\" decoding=\"async\" class=\"alignleft size-full wp-image-8676\" src=\"http:\/\/www.kle-blatt.de\/blog\/wp-content\/uploads\/2014\/02\/P2240435.jpg\" alt=\"Der Fr\u00fchlingsanfang ist am 1. M\u00e4rz\" width=\"850\" height=\"588\" \/><\/a><br \/>\n(Foto: KLE-Blatt)<\/p>\n","protected":false},"excerpt":{"rendered":"<p>Der Fr\u00fchlingsanfang ist am 1. M\u00e4rz\u00a0 Astronomischer Fr\u00fchlingsanfang ist zwar erst am 20. M\u00e4rz, aber der meteorologische bereits am 01.03. &hellip; <a href=\"https:\/\/www.kle-blatt.de\/blog\/kleve-in-foto-video\/aus-dem-privatalbum\/der-fruehlingsanfang-ist-am-1-maerz-2014.html\" class=\"more-link\"><span class=\"more-button\">Weiterlesen<span class=\"screen-reader-text\">Der Fr\u00fchlingsanfang ist am 1. M\u00e4rz<\/span><\/span><\/a><\/p>\n","protected":false},"author":2,"featured_media":0,"comment_status":"open","ping_status":"closed","sticky":false,"template":"","format":"standard","meta":{"footnotes":""},"categories":[20],"tags":[5298],"class_list":["post-8675","post","type-post","status-publish","format-standard","hentry","category-aus-dem-privatalbum","tag-der-fruehlingsanfang-ist-am-1-maerz"],"_links":{"self":[{"href":"https:\/\/www.kle-blatt.de\/blog\/wp-json\/wp\/v2\/posts\/8675","targetHints":{"allow":["GET"]}}],"collection":[{"href":"https:\/\/www.kle-blatt.de\/blog\/wp-json\/wp\/v2\/posts"}],"about":[{"href":"https:\/\/www.kle-blatt.de\/blog\/wp-json\/wp\/v2\/types\/post"}],"author":[{"embeddable":true,"href":"https:\/\/www.kle-blatt.de\/blog\/wp-json\/wp\/v2\/users\/2"}],"replies":[{"embeddable":true,"href":"https:\/\/www.kle-blatt.de\/blog\/wp-json\/wp\/v2\/comments?post=8675"}],"version-history":[{"count":0,"href":"https:\/\/www.kle-blatt.de\/blog\/wp-json\/wp\/v2\/posts\/8675\/revisions"}],"wp:attachment":[{"href":"https:\/\/www.kle-blatt.de\/blog\/wp-json\/wp\/v2\/media?parent=8675"}],"wp:term":[{"taxonomy":"category","embeddable":true,"href":"https:\/\/www.kle-blatt.de\/blog\/wp-json\/wp\/v2\/categories?post=8675"},{"taxonomy":"post_tag","embeddable":true,"href":"https:\/\/www.kle-blatt.de\/blog\/wp-json\/wp\/v2\/tags?post=8675"}],"curies":[{"name":"wp","href":"https:\/\/api.w.org\/{rel}","templated":true}]}}