{"id":8775,"date":"2021-03-09T07:00:07","date_gmt":"2021-03-09T05:00:07","guid":{"rendered":"http:\/\/www.kle-blatt.de\/blog\/?p=8775"},"modified":"2021-03-09T10:44:41","modified_gmt":"2021-03-09T08:44:41","slug":"die-prachtvolle-strandterrasse-von-hotel-maywald","status":"publish","type":"post","link":"https:\/\/www.kle-blatt.de\/blog\/kleve-in-foto-video\/die-prachtvolle-strandterrasse-von-hotel-maywald.html","title":{"rendered":"Wow! Die prachtvolle Strandterrasse von Hotel Maywald"},"content":{"rendered":"<p><strong>Wow! Die prachtvolle Strandterrasse von Hotel Maywald<\/strong><\/p>\n<p>Dieses Bild kann man sich nicht oft genug ansehen. Alleine schon, um eventuell irgendeinen Anreiz zu setzen, hier einmal etwas \u00e4hnliches wieder zu etablieren.<br \/>\nDie damalige Klever Prominenz liess es sich um das Jahr 1925 nicht nehmen, die prachtvolle Strandterrasse von Hotel Maywald zum Fr\u00fchkonzert zu besuchen und dort einem guten Tropfen und intensiven Gespr\u00e4chen zuzusprechen. Das die Ablichtung von Personen noch ziemlich neu und interessant war kann man daran erkennen, das soviele G\u00e4ste neugierig in die Kamera schauten. Heute w\u00fcrde sich kaum noch jemand darum k\u00fcmmern, es sei denn, er will nicht fotografiert werden.<br \/>\nDie Terrasse befand sich \u00fcbrigens unterhalb des Hotels direkt am Kermisdahlufer. Man sieht ja auch einige Boote mit Neugierigen. \ud83d\ude09<\/p>\n<p><a href=\"http:\/\/www.kle-blatt.de\/blog\/wp-content\/uploads\/2014\/03\/hotel-maywald4-55.jpg\"><img loading=\"lazy\" decoding=\"async\" class=\"size-full wp-image-8777 aligncenter\" src=\"https:\/\/www.kle-blatt.de\/blog\/wp-content\/uploads\/2014\/03\/hotel-maywald4-55.jpg\" alt=\"Wow! Die prachtvolle Strandterrasse von Hotel Maywald\" width=\"850\" height=\"1163\" \/><\/a><br \/>\n(Mit freundlicher Genehmigung von Klaus Radermacher aus seinem Buch &#8222;Bad Cleve in Photographien um die Jahrhundertwende&#8220;)<\/p>\n","protected":false},"excerpt":{"rendered":"<p>Wow! Die prachtvolle Strandterrasse von Hotel Maywald Dieses Bild kann man sich nicht oft genug ansehen. Alleine schon, um eventuell &hellip; <a href=\"https:\/\/www.kle-blatt.de\/blog\/kleve-in-foto-video\/die-prachtvolle-strandterrasse-von-hotel-maywald.html\" class=\"more-link\"><span class=\"more-button\">Weiterlesen<span class=\"screen-reader-text\">Wow! Die prachtvolle Strandterrasse von Hotel Maywald<\/span><\/span><\/a><\/p>\n","protected":false},"author":2,"featured_media":8777,"comment_status":"open","ping_status":"closed","sticky":false,"template":"","format":"standard","meta":{"footnotes":""},"categories":[3,5279],"tags":[1901],"class_list":["post-8775","post","type-post","status-publish","format-standard","has-post-thumbnail","hentry","category-kleve-in-foto-video","category-klever-musik-und-diskoszene","tag-die-prachtvolle-strandterrasse-von-hotel-maywald"],"_links":{"self":[{"href":"https:\/\/www.kle-blatt.de\/blog\/wp-json\/wp\/v2\/posts\/8775","targetHints":{"allow":["GET"]}}],"collection":[{"href":"https:\/\/www.kle-blatt.de\/blog\/wp-json\/wp\/v2\/posts"}],"about":[{"href":"https:\/\/www.kle-blatt.de\/blog\/wp-json\/wp\/v2\/types\/post"}],"author":[{"embeddable":true,"href":"https:\/\/www.kle-blatt.de\/blog\/wp-json\/wp\/v2\/users\/2"}],"replies":[{"embeddable":true,"href":"https:\/\/www.kle-blatt.de\/blog\/wp-json\/wp\/v2\/comments?post=8775"}],"version-history":[{"count":3,"href":"https:\/\/www.kle-blatt.de\/blog\/wp-json\/wp\/v2\/posts\/8775\/revisions"}],"predecessor-version":[{"id":28462,"href":"https:\/\/www.kle-blatt.de\/blog\/wp-json\/wp\/v2\/posts\/8775\/revisions\/28462"}],"wp:featuredmedia":[{"embeddable":true,"href":"https:\/\/www.kle-blatt.de\/blog\/wp-json\/wp\/v2\/media\/8777"}],"wp:attachment":[{"href":"https:\/\/www.kle-blatt.de\/blog\/wp-json\/wp\/v2\/media?parent=8775"}],"wp:term":[{"taxonomy":"category","embeddable":true,"href":"https:\/\/www.kle-blatt.de\/blog\/wp-json\/wp\/v2\/categories?post=8775"},{"taxonomy":"post_tag","embeddable":true,"href":"https:\/\/www.kle-blatt.de\/blog\/wp-json\/wp\/v2\/tags?post=8775"}],"curies":[{"name":"wp","href":"https:\/\/api.w.org\/{rel}","templated":true}]}}