{"id":8891,"date":"2022-03-25T06:20:00","date_gmt":"2022-03-25T04:20:00","guid":{"rendered":"http:\/\/www.kle-blatt.de\/blog\/?p=8891"},"modified":"2022-02-22T13:58:58","modified_gmt":"2022-02-22T11:58:58","slug":"cafe-bar-mobile-in-kleve","status":"publish","type":"post","link":"https:\/\/www.kle-blatt.de\/blog\/werbung-gestern-heute\/cafe-bar-mobile-in-kleve.html","title":{"rendered":"Wer erinnert sich noch an die Cafe-Bar Mobile in Kleve?"},"content":{"rendered":"<p><strong>Wer erinnert sich noch an die Cafe-Bar Mobile in Kleve?<\/strong><\/p>\n<p>Es hat sie gegeben. Daran besteht kein Zweifel angesichts dieses Bildes. Und das, obwohl sie tats\u00e4chlich bis 25.00 Uhr ge\u00f6ffnet hatte, wie man ebengalls nachlesen kann. Nun &#8211; Kaffe und Cocktails w\u00fcrden auch heute noch gut ankommen.<br \/>\nEin vermutlich sehr seltener Beleg. \ud83d\ude09<\/p>\n<p><a href=\"http:\/\/www.kle-blatt.de\/blog\/wp-content\/uploads\/2014\/03\/mobile.jpg\"><img loading=\"lazy\" decoding=\"async\" class=\"size-full wp-image-8892 aligncenter\" src=\"https:\/\/www.kle-blatt.de\/blog\/wp-content\/uploads\/2014\/03\/mobile.jpg\" alt=\"Wer erinnert sich noch an die Cafe-Bar Mobile in Kleve?\" width=\"850\" height=\"1260\" \/><\/a><\/p>\n","protected":false},"excerpt":{"rendered":"<p>Wer erinnert sich noch an die Cafe-Bar Mobile in Kleve? Es hat sie gegeben. Daran besteht kein Zweifel angesichts dieses &hellip; <a href=\"https:\/\/www.kle-blatt.de\/blog\/werbung-gestern-heute\/cafe-bar-mobile-in-kleve.html\" class=\"more-link\"><span class=\"more-button\">Weiterlesen<span class=\"screen-reader-text\">Wer erinnert sich noch an die Cafe-Bar Mobile in Kleve?<\/span><\/span><\/a><\/p>\n","protected":false},"author":2,"featured_media":8892,"comment_status":"open","ping_status":"closed","sticky":false,"template":"","format":"standard","meta":{"footnotes":""},"categories":[19],"tags":[1930],"class_list":["post-8891","post","type-post","status-publish","format-standard","has-post-thumbnail","hentry","category-werbung-gestern-heute","tag-cafe-bar-mobile-in-kleve"],"_links":{"self":[{"href":"https:\/\/www.kle-blatt.de\/blog\/wp-json\/wp\/v2\/posts\/8891","targetHints":{"allow":["GET"]}}],"collection":[{"href":"https:\/\/www.kle-blatt.de\/blog\/wp-json\/wp\/v2\/posts"}],"about":[{"href":"https:\/\/www.kle-blatt.de\/blog\/wp-json\/wp\/v2\/types\/post"}],"author":[{"embeddable":true,"href":"https:\/\/www.kle-blatt.de\/blog\/wp-json\/wp\/v2\/users\/2"}],"replies":[{"embeddable":true,"href":"https:\/\/www.kle-blatt.de\/blog\/wp-json\/wp\/v2\/comments?post=8891"}],"version-history":[{"count":2,"href":"https:\/\/www.kle-blatt.de\/blog\/wp-json\/wp\/v2\/posts\/8891\/revisions"}],"predecessor-version":[{"id":30074,"href":"https:\/\/www.kle-blatt.de\/blog\/wp-json\/wp\/v2\/posts\/8891\/revisions\/30074"}],"wp:featuredmedia":[{"embeddable":true,"href":"https:\/\/www.kle-blatt.de\/blog\/wp-json\/wp\/v2\/media\/8892"}],"wp:attachment":[{"href":"https:\/\/www.kle-blatt.de\/blog\/wp-json\/wp\/v2\/media?parent=8891"}],"wp:term":[{"taxonomy":"category","embeddable":true,"href":"https:\/\/www.kle-blatt.de\/blog\/wp-json\/wp\/v2\/categories?post=8891"},{"taxonomy":"post_tag","embeddable":true,"href":"https:\/\/www.kle-blatt.de\/blog\/wp-json\/wp\/v2\/tags?post=8891"}],"curies":[{"name":"wp","href":"https:\/\/api.w.org\/{rel}","templated":true}]}}