{"id":8932,"date":"2022-03-28T06:20:36","date_gmt":"2022-03-28T04:20:36","guid":{"rendered":"http:\/\/www.kle-blatt.de\/blog\/?p=8932"},"modified":"2022-02-22T15:58:23","modified_gmt":"2022-02-22T13:58:23","slug":"sybille-die-schwester-der-anna-von-cleve","status":"publish","type":"post","link":"https:\/\/www.kle-blatt.de\/blog\/kultur\/sybille-die-schwester-der-anna-von-cleve.html","title":{"rendered":"Gewusst? Sybille &#8211; die Schwester der Anna von Cleve"},"content":{"rendered":"<p><strong>Gewusst? Sybille &#8211; die Schwester der Anna von Cleve<\/strong><\/p>\n<p>Dieses Bild zeigt\u00a0Sybille &#8211; die Schwester der Anna von Cleve. Es stellt sie als Braut dar und belegt, dass Sybille eine sehr h\u00fcbsche Dame gewesen sein muss. Weiterf\u00fchrende Informationen \u00fcber Sybille und vor allem Anna findet man bei Wikipedia oder in der einschl\u00e4gigen Literatur.<\/p>\n<p><a href=\"http:\/\/www.kle-blatt.de\/blog\/wp-content\/uploads\/2014\/03\/sybille-von-cleve.jpg\"><img loading=\"lazy\" decoding=\"async\" class=\"size-full wp-image-8933 aligncenter\" src=\"https:\/\/www.kle-blatt.de\/blog\/wp-content\/uploads\/2014\/03\/sybille-von-cleve.jpg\" alt=\"Gewusst? Sybille - die Schwester der Anna von Cleve\" width=\"850\" height=\"1294\" \/><\/a><\/p>\n","protected":false},"excerpt":{"rendered":"<p>Gewusst? Sybille &#8211; die Schwester der Anna von Cleve Dieses Bild zeigt\u00a0Sybille &#8211; die Schwester der Anna von Cleve. Es &hellip; <a href=\"https:\/\/www.kle-blatt.de\/blog\/kultur\/sybille-die-schwester-der-anna-von-cleve.html\" class=\"more-link\"><span class=\"more-button\">Weiterlesen<span class=\"screen-reader-text\">Gewusst? Sybille &#8211; die Schwester der Anna von Cleve<\/span><\/span><\/a><\/p>\n","protected":false},"author":2,"featured_media":8933,"comment_status":"open","ping_status":"closed","sticky":false,"template":"","format":"standard","meta":{"footnotes":""},"categories":[4],"tags":[1941],"class_list":["post-8932","post","type-post","status-publish","format-standard","has-post-thumbnail","hentry","category-kultur","tag-sybille-die-schwester-der-anna-von-cleve"],"_links":{"self":[{"href":"https:\/\/www.kle-blatt.de\/blog\/wp-json\/wp\/v2\/posts\/8932","targetHints":{"allow":["GET"]}}],"collection":[{"href":"https:\/\/www.kle-blatt.de\/blog\/wp-json\/wp\/v2\/posts"}],"about":[{"href":"https:\/\/www.kle-blatt.de\/blog\/wp-json\/wp\/v2\/types\/post"}],"author":[{"embeddable":true,"href":"https:\/\/www.kle-blatt.de\/blog\/wp-json\/wp\/v2\/users\/2"}],"replies":[{"embeddable":true,"href":"https:\/\/www.kle-blatt.de\/blog\/wp-json\/wp\/v2\/comments?post=8932"}],"version-history":[{"count":2,"href":"https:\/\/www.kle-blatt.de\/blog\/wp-json\/wp\/v2\/posts\/8932\/revisions"}],"predecessor-version":[{"id":30086,"href":"https:\/\/www.kle-blatt.de\/blog\/wp-json\/wp\/v2\/posts\/8932\/revisions\/30086"}],"wp:featuredmedia":[{"embeddable":true,"href":"https:\/\/www.kle-blatt.de\/blog\/wp-json\/wp\/v2\/media\/8933"}],"wp:attachment":[{"href":"https:\/\/www.kle-blatt.de\/blog\/wp-json\/wp\/v2\/media?parent=8932"}],"wp:term":[{"taxonomy":"category","embeddable":true,"href":"https:\/\/www.kle-blatt.de\/blog\/wp-json\/wp\/v2\/categories?post=8932"},{"taxonomy":"post_tag","embeddable":true,"href":"https:\/\/www.kle-blatt.de\/blog\/wp-json\/wp\/v2\/tags?post=8932"}],"curies":[{"name":"wp","href":"https:\/\/api.w.org\/{rel}","templated":true}]}}