{"id":9046,"date":"2022-03-11T06:00:11","date_gmt":"2022-03-11T04:00:11","guid":{"rendered":"http:\/\/www.kle-blatt.de\/blog\/?p=9046"},"modified":"2022-02-22T12:03:00","modified_gmt":"2022-02-22T10:03:00","slug":"die-freiwillige-feuerwehr-von-kleve","status":"publish","type":"post","link":"https:\/\/www.kle-blatt.de\/blog\/kleve-in-foto-video\/die-freiwillige-feuerwehr-von-kleve.html","title":{"rendered":"Auch bei der Freiwilligen Feuerwehr von Kleve?"},"content":{"rendered":"<p><strong>Auch bei der Freiwilligen Feuerwehr von Kleve?<\/strong><\/p>\n<p>Dieses Bild vom Ende der Achtziger zeigt die damalige Einsatzzentrale der Freiwilligen Feuerwehr von Kleve an der Brabanter Stra\u00dfe. Derzeit verf\u00fcgte die Feuerwehr \u00fcber 911 M\u00e4nner und 24 Fahrzeuge, um den Brandschutz im Klever Stadtgebiet und dar\u00fcber hinaus zu gew\u00e4hrleisten. An dieser Stelle einmal vielen Dank f\u00fcr diese freiwilligen unerm\u00fcdlichen Einsatz.<\/p>\n<p><a href=\"http:\/\/www.kle-blatt.de\/blog\/wp-content\/uploads\/2014\/03\/feuerwehr-49.jpg\"><img loading=\"lazy\" decoding=\"async\" class=\"size-full wp-image-9047 aligncenter\" src=\"https:\/\/www.kle-blatt.de\/blog\/wp-content\/uploads\/2014\/03\/feuerwehr-49.jpg\" alt=\"Auch bei der Freiwilligen Feuerwehr von Kleve?\" width=\"850\" height=\"643\" \/><\/a><br \/>\n(Foto: &#8222;Bilder unserer Stadt KLEVE&#8220; &#8211; W.Johannes, A.Puyn, E.Wirths)<\/p>\n","protected":false},"excerpt":{"rendered":"<p>Auch bei der Freiwilligen Feuerwehr von Kleve? Dieses Bild vom Ende der Achtziger zeigt die damalige Einsatzzentrale der Freiwilligen Feuerwehr &hellip; <a href=\"https:\/\/www.kle-blatt.de\/blog\/kleve-in-foto-video\/die-freiwillige-feuerwehr-von-kleve.html\" class=\"more-link\"><span class=\"more-button\">Weiterlesen<span class=\"screen-reader-text\">Auch bei der Freiwilligen Feuerwehr von Kleve?<\/span><\/span><\/a><\/p>\n","protected":false},"author":2,"featured_media":9047,"comment_status":"open","ping_status":"closed","sticky":false,"template":"","format":"standard","meta":{"footnotes":""},"categories":[3],"tags":[1965],"class_list":["post-9046","post","type-post","status-publish","format-standard","has-post-thumbnail","hentry","category-kleve-in-foto-video","tag-die-freiwillige-feuerwehr-von-kleve"],"_links":{"self":[{"href":"https:\/\/www.kle-blatt.de\/blog\/wp-json\/wp\/v2\/posts\/9046","targetHints":{"allow":["GET"]}}],"collection":[{"href":"https:\/\/www.kle-blatt.de\/blog\/wp-json\/wp\/v2\/posts"}],"about":[{"href":"https:\/\/www.kle-blatt.de\/blog\/wp-json\/wp\/v2\/types\/post"}],"author":[{"embeddable":true,"href":"https:\/\/www.kle-blatt.de\/blog\/wp-json\/wp\/v2\/users\/2"}],"replies":[{"embeddable":true,"href":"https:\/\/www.kle-blatt.de\/blog\/wp-json\/wp\/v2\/comments?post=9046"}],"version-history":[{"count":2,"href":"https:\/\/www.kle-blatt.de\/blog\/wp-json\/wp\/v2\/posts\/9046\/revisions"}],"predecessor-version":[{"id":30050,"href":"https:\/\/www.kle-blatt.de\/blog\/wp-json\/wp\/v2\/posts\/9046\/revisions\/30050"}],"wp:featuredmedia":[{"embeddable":true,"href":"https:\/\/www.kle-blatt.de\/blog\/wp-json\/wp\/v2\/media\/9047"}],"wp:attachment":[{"href":"https:\/\/www.kle-blatt.de\/blog\/wp-json\/wp\/v2\/media?parent=9046"}],"wp:term":[{"taxonomy":"category","embeddable":true,"href":"https:\/\/www.kle-blatt.de\/blog\/wp-json\/wp\/v2\/categories?post=9046"},{"taxonomy":"post_tag","embeddable":true,"href":"https:\/\/www.kle-blatt.de\/blog\/wp-json\/wp\/v2\/tags?post=9046"}],"curies":[{"name":"wp","href":"https:\/\/api.w.org\/{rel}","templated":true}]}}