{"id":9144,"date":"2022-04-25T06:00:36","date_gmt":"2022-04-25T04:00:36","guid":{"rendered":"http:\/\/www.kle-blatt.de\/blog\/?p=9144"},"modified":"2022-03-11T13:44:04","modified_gmt":"2022-03-11T11:44:04","slug":"kuehe-melken-macht-gute-laune","status":"publish","type":"post","link":"https:\/\/www.kle-blatt.de\/blog\/kleve-in-foto-video\/aus-dem-privatalbum\/kuehe-melken-macht-gute-laune.html","title":{"rendered":"Schau an: K\u00fche melken macht gute Laune"},"content":{"rendered":"<p><strong>Schau an: K\u00fche melken macht gute Laune<\/strong><\/p>\n<p>Man sieht hier eindeutig:\u00a0K\u00fche melken macht gute Laune.<br \/>\nWie sonst l\u00e4sst es sich erkl\u00e4ren, da\u00df dieser Milchbauer einen solchen Spa\u00df verspr\u00fcht. Oder ist es das gespannte Warten auf das Blitzlicht? Kommt doch nicht bei Tage. \ud83d\ude09<br \/>\nObwohl &#8211; die Kuh macht auch einen fr\u00f6hlichen und zufriedenen Eindruck. Und mal ehrlich &#8211; sieht sie nicht pr\u00e4chtig aus?<\/p>\n<p><a href=\"http:\/\/www.kle-blatt.de\/blog\/wp-content\/uploads\/2014\/04\/melker.jpg\"><img loading=\"lazy\" decoding=\"async\" class=\"size-full wp-image-9145 aligncenter\" src=\"https:\/\/www.kle-blatt.de\/blog\/wp-content\/uploads\/2014\/04\/melker.jpg\" alt=\"K\u00fche melken macht gute Laune\" width=\"850\" height=\"504\" \/><\/a><br \/>\n(Foto: Udo Kleinendonk)<\/p>\n","protected":false},"excerpt":{"rendered":"<p>Schau an: K\u00fche melken macht gute Laune Man sieht hier eindeutig:\u00a0K\u00fche melken macht gute Laune. Wie sonst l\u00e4sst es sich &hellip; <a href=\"https:\/\/www.kle-blatt.de\/blog\/kleve-in-foto-video\/aus-dem-privatalbum\/kuehe-melken-macht-gute-laune.html\" class=\"more-link\"><span class=\"more-button\">Weiterlesen<span class=\"screen-reader-text\">Schau an: K\u00fche melken macht gute Laune<\/span><\/span><\/a><\/p>\n","protected":false},"author":2,"featured_media":9145,"comment_status":"open","ping_status":"closed","sticky":false,"template":"","format":"standard","meta":{"footnotes":""},"categories":[20],"tags":[1984],"class_list":["post-9144","post","type-post","status-publish","format-standard","has-post-thumbnail","hentry","category-aus-dem-privatalbum","tag-kuehe-melken-macht-gute-laune"],"_links":{"self":[{"href":"https:\/\/www.kle-blatt.de\/blog\/wp-json\/wp\/v2\/posts\/9144","targetHints":{"allow":["GET"]}}],"collection":[{"href":"https:\/\/www.kle-blatt.de\/blog\/wp-json\/wp\/v2\/posts"}],"about":[{"href":"https:\/\/www.kle-blatt.de\/blog\/wp-json\/wp\/v2\/types\/post"}],"author":[{"embeddable":true,"href":"https:\/\/www.kle-blatt.de\/blog\/wp-json\/wp\/v2\/users\/2"}],"replies":[{"embeddable":true,"href":"https:\/\/www.kle-blatt.de\/blog\/wp-json\/wp\/v2\/comments?post=9144"}],"version-history":[{"count":1,"href":"https:\/\/www.kle-blatt.de\/blog\/wp-json\/wp\/v2\/posts\/9144\/revisions"}],"predecessor-version":[{"id":30228,"href":"https:\/\/www.kle-blatt.de\/blog\/wp-json\/wp\/v2\/posts\/9144\/revisions\/30228"}],"wp:featuredmedia":[{"embeddable":true,"href":"https:\/\/www.kle-blatt.de\/blog\/wp-json\/wp\/v2\/media\/9145"}],"wp:attachment":[{"href":"https:\/\/www.kle-blatt.de\/blog\/wp-json\/wp\/v2\/media?parent=9144"}],"wp:term":[{"taxonomy":"category","embeddable":true,"href":"https:\/\/www.kle-blatt.de\/blog\/wp-json\/wp\/v2\/categories?post=9144"},{"taxonomy":"post_tag","embeddable":true,"href":"https:\/\/www.kle-blatt.de\/blog\/wp-json\/wp\/v2\/tags?post=9144"}],"curies":[{"name":"wp","href":"https:\/\/api.w.org\/{rel}","templated":true}]}}