{"id":9156,"date":"2023-04-05T06:10:54","date_gmt":"2023-04-05T04:10:54","guid":{"rendered":"http:\/\/www.kle-blatt.de\/blog\/?p=9156"},"modified":"2023-03-14T13:38:33","modified_gmt":"2023-03-14T11:38:33","slug":"stoerche-im-kleverland","status":"publish","type":"post","link":"https:\/\/www.kle-blatt.de\/blog\/kleve-in-foto-video\/aus-dem-privatalbum\/stoerche-im-kleverland.html","title":{"rendered":"Auch die St\u00f6rche im Kleverland gesehen?"},"content":{"rendered":"<p><strong>Auch die St\u00f6rche im Kleverland gesehen?<\/strong><\/p>\n<p>Wir sehen wieder \u00fcberall die\u00a0St\u00f6rche im Kleverland, was wunderbar ist. Der stolze Adebar ist aus seinem Winterurlaub wieder zu uns nach Hause gekommen, wobei manche gef\u00fchlt \u00fcberhaupt nicht mehr wegziehen.<br \/>\nWichtig ist er vor allem &#8211; wie wir wissen &#8211; f\u00fcr den Nachwuchs. Also sollte der Klapperstorch jetzt seiner Bestimmung nachkommen, damit wir ihn wieder \u00f6fter mit einem B\u00fcndel im Schnabel herum fliegen sehen. \ud83d\ude09<\/p>\n<p><img loading=\"lazy\" decoding=\"async\" class=\"size-full wp-image-18332 aligncenter\" src=\"https:\/\/www.kle-blatt.de\/blog\/wp-content\/uploads\/2014\/04\/storchenfamilie3.jpg\" alt=\"Auch die St\u00f6rche im Kleverland gesehen?\" width=\"850\" height=\"600\" \/><br \/>\n(Foto: Klaus Viethen)<\/p>\n","protected":false},"excerpt":{"rendered":"<p>Auch die St\u00f6rche im Kleverland gesehen? Wir sehen wieder \u00fcberall die\u00a0St\u00f6rche im Kleverland, was wunderbar ist. Der stolze Adebar ist &hellip; <a href=\"https:\/\/www.kle-blatt.de\/blog\/kleve-in-foto-video\/aus-dem-privatalbum\/stoerche-im-kleverland.html\" class=\"more-link\"><span class=\"more-button\">Weiterlesen<span class=\"screen-reader-text\">Auch die St\u00f6rche im Kleverland gesehen?<\/span><\/span><\/a><\/p>\n","protected":false},"author":2,"featured_media":18332,"comment_status":"open","ping_status":"closed","sticky":false,"template":"","format":"standard","meta":{"footnotes":""},"categories":[20],"tags":[5959,1988],"class_list":["post-9156","post","type-post","status-publish","format-standard","has-post-thumbnail","hentry","category-aus-dem-privatalbum","tag-auch-die-stoerche-im-kleverland-gesehen","tag-stoerche-im-kleverland"],"_links":{"self":[{"href":"https:\/\/www.kle-blatt.de\/blog\/wp-json\/wp\/v2\/posts\/9156","targetHints":{"allow":["GET"]}}],"collection":[{"href":"https:\/\/www.kle-blatt.de\/blog\/wp-json\/wp\/v2\/posts"}],"about":[{"href":"https:\/\/www.kle-blatt.de\/blog\/wp-json\/wp\/v2\/types\/post"}],"author":[{"embeddable":true,"href":"https:\/\/www.kle-blatt.de\/blog\/wp-json\/wp\/v2\/users\/2"}],"replies":[{"embeddable":true,"href":"https:\/\/www.kle-blatt.de\/blog\/wp-json\/wp\/v2\/comments?post=9156"}],"version-history":[{"count":2,"href":"https:\/\/www.kle-blatt.de\/blog\/wp-json\/wp\/v2\/posts\/9156\/revisions"}],"predecessor-version":[{"id":31906,"href":"https:\/\/www.kle-blatt.de\/blog\/wp-json\/wp\/v2\/posts\/9156\/revisions\/31906"}],"wp:featuredmedia":[{"embeddable":true,"href":"https:\/\/www.kle-blatt.de\/blog\/wp-json\/wp\/v2\/media\/18332"}],"wp:attachment":[{"href":"https:\/\/www.kle-blatt.de\/blog\/wp-json\/wp\/v2\/media?parent=9156"}],"wp:term":[{"taxonomy":"category","embeddable":true,"href":"https:\/\/www.kle-blatt.de\/blog\/wp-json\/wp\/v2\/categories?post=9156"},{"taxonomy":"post_tag","embeddable":true,"href":"https:\/\/www.kle-blatt.de\/blog\/wp-json\/wp\/v2\/tags?post=9156"}],"curies":[{"name":"wp","href":"https:\/\/api.w.org\/{rel}","templated":true}]}}