{"id":9159,"date":"2023-04-22T07:00:54","date_gmt":"2023-04-22T05:00:54","guid":{"rendered":"http:\/\/www.kle-blatt.de\/blog\/?p=9159"},"modified":"2023-03-15T15:46:20","modified_gmt":"2023-03-15T13:46:20","slug":"schoenheiten-in-kleve-naturpark-kellen","status":"publish","type":"post","link":"https:\/\/www.kle-blatt.de\/blog\/kleve-in-foto-video\/schoenheiten-in-kleve-naturpark-kellen.html","title":{"rendered":"Sch\u00f6nheiten in Kleve: Naturpark Kellen"},"content":{"rendered":"<p><strong>Sch\u00f6nheiten in Kleve: Naturpark Kellen<\/strong><\/p>\n<p>Eine wahrhaft gro\u00dfartige Stimmung, die die Sonne hier im Naturpark Kellen verbreitet. Der kleine See liegt ruhig im Abendwind und l\u00e4sst sogar von Urlaub tr\u00e4umen.<\/p>\n<p><a href=\"http:\/\/www.kle-blatt.de\/blog\/wp-content\/uploads\/2014\/04\/naturpark-kellen1.jpg\"><img loading=\"lazy\" decoding=\"async\" class=\"size-full wp-image-9160 aligncenter\" src=\"http:\/\/www.kle-blatt.de\/blog\/wp-content\/uploads\/2014\/04\/naturpark-kellen1.jpg\" alt=\"Sch\u00f6nheiten in Kleve: Naturpark Kellen\" width=\"850\" height=\"533\" \/><\/a><br \/>\n(Foto: Meik W\u00e4chter)<\/p>\n","protected":false},"excerpt":{"rendered":"<p>Sch\u00f6nheiten in Kleve: Naturpark Kellen Eine wahrhaft gro\u00dfartige Stimmung, die die Sonne hier im Naturpark Kellen verbreitet. Der kleine See &hellip; <a href=\"https:\/\/www.kle-blatt.de\/blog\/kleve-in-foto-video\/schoenheiten-in-kleve-naturpark-kellen.html\" class=\"more-link\"><span class=\"more-button\">Weiterlesen<span class=\"screen-reader-text\">Sch\u00f6nheiten in Kleve: Naturpark Kellen<\/span><\/span><\/a><\/p>\n","protected":false},"author":2,"featured_media":9160,"comment_status":"open","ping_status":"closed","sticky":false,"template":"","format":"standard","meta":{"footnotes":""},"categories":[3],"tags":[1989],"class_list":["post-9159","post","type-post","status-publish","format-standard","has-post-thumbnail","hentry","category-kleve-in-foto-video","tag-schoenheiten-in-kleve-naturpark-kellen"],"_links":{"self":[{"href":"https:\/\/www.kle-blatt.de\/blog\/wp-json\/wp\/v2\/posts\/9159","targetHints":{"allow":["GET"]}}],"collection":[{"href":"https:\/\/www.kle-blatt.de\/blog\/wp-json\/wp\/v2\/posts"}],"about":[{"href":"https:\/\/www.kle-blatt.de\/blog\/wp-json\/wp\/v2\/types\/post"}],"author":[{"embeddable":true,"href":"https:\/\/www.kle-blatt.de\/blog\/wp-json\/wp\/v2\/users\/2"}],"replies":[{"embeddable":true,"href":"https:\/\/www.kle-blatt.de\/blog\/wp-json\/wp\/v2\/comments?post=9159"}],"version-history":[{"count":1,"href":"https:\/\/www.kle-blatt.de\/blog\/wp-json\/wp\/v2\/posts\/9159\/revisions"}],"predecessor-version":[{"id":31972,"href":"https:\/\/www.kle-blatt.de\/blog\/wp-json\/wp\/v2\/posts\/9159\/revisions\/31972"}],"wp:featuredmedia":[{"embeddable":true,"href":"https:\/\/www.kle-blatt.de\/blog\/wp-json\/wp\/v2\/media\/9160"}],"wp:attachment":[{"href":"https:\/\/www.kle-blatt.de\/blog\/wp-json\/wp\/v2\/media?parent=9159"}],"wp:term":[{"taxonomy":"category","embeddable":true,"href":"https:\/\/www.kle-blatt.de\/blog\/wp-json\/wp\/v2\/categories?post=9159"},{"taxonomy":"post_tag","embeddable":true,"href":"https:\/\/www.kle-blatt.de\/blog\/wp-json\/wp\/v2\/tags?post=9159"}],"curies":[{"name":"wp","href":"https:\/\/api.w.org\/{rel}","templated":true}]}}