{"id":9235,"date":"2016-03-26T07:10:46","date_gmt":"2016-03-26T05:10:46","guid":{"rendered":"http:\/\/www.kle-blatt.de\/blog\/?p=9235"},"modified":"2016-02-17T14:37:51","modified_gmt":"2016-02-17T12:37:51","slug":"osterlaemmchen-in-kleve","status":"publish","type":"post","link":"https:\/\/www.kle-blatt.de\/blog\/kleve-in-foto-video\/aus-dem-privatalbum\/osterlaemmchen-in-kleve.html","title":{"rendered":"Osterl\u00e4mmchen in Kleve"},"content":{"rendered":"<p><strong>Osterl\u00e4mmchen in Kleve<\/strong><\/p>\n<p>Man kann sie jetzt \u00fcberall bewundern, die Osterl\u00e4mmchen in Kleve. Und diese sind sogar noch nummeriert, damit man immer genau feststellen kann, ob keines davon ausgeb\u00fcxt ist.<\/p>\n<p>Am sch\u00f6nsten sind sie so wie hier auf der Weide, im Tiergarten oder als Vorbild f\u00fcr gebackene Leckereien aus den entsprechenden Kuchenformen f\u00fcr Ostern.<\/p>\n<p><a href=\"http:\/\/www.kle-blatt.de\/blog\/wp-content\/uploads\/2014\/04\/001-osterl\u00e4mmer.jpg\"><img loading=\"lazy\" decoding=\"async\" class=\"alignleft size-full wp-image-9236\" src=\"http:\/\/www.kle-blatt.de\/blog\/wp-content\/uploads\/2014\/04\/001-osterl\u00e4mmer.jpg\" alt=\"OLYMPUS DIGITAL CAMERA\" width=\"650\" height=\"488\" srcset=\"https:\/\/www.kle-blatt.de\/blog\/wp-content\/uploads\/2014\/04\/001-osterl\u00e4mmer.jpg 650w, https:\/\/www.kle-blatt.de\/blog\/wp-content\/uploads\/2014\/04\/001-osterl\u00e4mmer-300x225.jpg 300w\" sizes=\"auto, (max-width: 650px) 100vw, 650px\" \/><\/a><a href=\"http:\/\/www.kle-blatt.de\/blog\/wp-content\/uploads\/2014\/04\/001-osterl\u00e4mmer1.jpg\"><img loading=\"lazy\" decoding=\"async\" class=\"alignleft size-full wp-image-9237\" src=\"http:\/\/www.kle-blatt.de\/blog\/wp-content\/uploads\/2014\/04\/001-osterl\u00e4mmer1.jpg\" alt=\"OLYMPUS DIGITAL CAMERA\" width=\"650\" height=\"475\" srcset=\"https:\/\/www.kle-blatt.de\/blog\/wp-content\/uploads\/2014\/04\/001-osterl\u00e4mmer1.jpg 650w, https:\/\/www.kle-blatt.de\/blog\/wp-content\/uploads\/2014\/04\/001-osterl\u00e4mmer1-300x219.jpg 300w\" sizes=\"auto, (max-width: 650px) 100vw, 650px\" \/><\/a><br \/>\n(Fotos: KLE-Blatt)<\/p>\n","protected":false},"excerpt":{"rendered":"<p>Osterl\u00e4mmchen in Kleve Man kann sie jetzt \u00fcberall bewundern, die Osterl\u00e4mmchen in Kleve. Und diese sind sogar noch nummeriert, damit &hellip; <a href=\"https:\/\/www.kle-blatt.de\/blog\/kleve-in-foto-video\/aus-dem-privatalbum\/osterlaemmchen-in-kleve.html\" class=\"more-link\"><span class=\"more-button\">Weiterlesen<span class=\"screen-reader-text\">Osterl\u00e4mmchen in Kleve<\/span><\/span><\/a><\/p>\n","protected":false},"author":2,"featured_media":0,"comment_status":"open","ping_status":"closed","sticky":false,"template":"","format":"standard","meta":{"footnotes":""},"categories":[20],"tags":[2012],"class_list":["post-9235","post","type-post","status-publish","format-standard","hentry","category-aus-dem-privatalbum","tag-osterlaemmchen-in-kleve"],"_links":{"self":[{"href":"https:\/\/www.kle-blatt.de\/blog\/wp-json\/wp\/v2\/posts\/9235","targetHints":{"allow":["GET"]}}],"collection":[{"href":"https:\/\/www.kle-blatt.de\/blog\/wp-json\/wp\/v2\/posts"}],"about":[{"href":"https:\/\/www.kle-blatt.de\/blog\/wp-json\/wp\/v2\/types\/post"}],"author":[{"embeddable":true,"href":"https:\/\/www.kle-blatt.de\/blog\/wp-json\/wp\/v2\/users\/2"}],"replies":[{"embeddable":true,"href":"https:\/\/www.kle-blatt.de\/blog\/wp-json\/wp\/v2\/comments?post=9235"}],"version-history":[{"count":0,"href":"https:\/\/www.kle-blatt.de\/blog\/wp-json\/wp\/v2\/posts\/9235\/revisions"}],"wp:attachment":[{"href":"https:\/\/www.kle-blatt.de\/blog\/wp-json\/wp\/v2\/media?parent=9235"}],"wp:term":[{"taxonomy":"category","embeddable":true,"href":"https:\/\/www.kle-blatt.de\/blog\/wp-json\/wp\/v2\/categories?post=9235"},{"taxonomy":"post_tag","embeddable":true,"href":"https:\/\/www.kle-blatt.de\/blog\/wp-json\/wp\/v2\/tags?post=9235"}],"curies":[{"name":"wp","href":"https:\/\/api.w.org\/{rel}","templated":true}]}}