{"id":9300,"date":"2026-04-27T06:30:42","date_gmt":"2026-04-27T04:30:42","guid":{"rendered":"http:\/\/www.kle-blatt.de\/blog\/?p=9300"},"modified":"2026-02-05T14:38:23","modified_gmt":"2026-02-05T12:38:23","slug":"das-hotel-monte-bello-in-kleve","status":"publish","type":"post","link":"https:\/\/www.kle-blatt.de\/blog\/kleve-in-foto-video\/das-hotel-monte-bello-in-kleve.html","title":{"rendered":"Das bildsch\u00f6ne Hotel Monte Bello in Kleve"},"content":{"rendered":"<p><strong>Das bildsch\u00f6ne Hotel Monte Bello in Kleve<\/strong><\/p>\n<p>Das &#8222;Hotel Monte Bello&#8220; in Kleve lag seinerzeit an der Nimweger Stra\u00dfe. Es geh\u00f6rte dem Hotelwirt Hoymann. Es war von zahllosen B\u00e4umen umgeben und war eine willkommene Anlaufstation von Leuten, die durch den Reichswald gewandert waren. Die Lage zwischen Grenzallee und Nimweger Stra\u00dfe bot eine gewisse Ruhe und es gab im Sommer schattige Pl\u00e4tze im Terrassengarten.<\/p>\n<p><a href=\"http:\/\/www.kle-blatt.de\/blog\/wp-content\/uploads\/2014\/04\/hotel-monte-bello-nr65.jpg\"><img loading=\"lazy\" decoding=\"async\" class=\"size-full wp-image-9301 aligncenter\" src=\"http:\/\/www.kle-blatt.de\/blog\/wp-content\/uploads\/2014\/04\/hotel-monte-bello-nr65.jpg\" alt=\"Das bildsch\u00f6ne Hotel Monte Bello in Kleve\" width=\"850\" height=\"582\" \/><\/a><br \/>\n(Foto: \u00a9 Kreisarchiv Kleve \u2013 Ewald Steiger \u2013 KA Kle F7, Kleve XCVIII 2)<\/p>\n","protected":false},"excerpt":{"rendered":"<p>Das bildsch\u00f6ne Hotel Monte Bello in Kleve Das &#8222;Hotel Monte Bello&#8220; in Kleve lag seinerzeit an der Nimweger Stra\u00dfe. Es &hellip; <a href=\"https:\/\/www.kle-blatt.de\/blog\/kleve-in-foto-video\/das-hotel-monte-bello-in-kleve.html\" class=\"more-link\"><span class=\"more-button\">Weiterlesen<span class=\"screen-reader-text\">Das bildsch\u00f6ne Hotel Monte Bello in Kleve<\/span><\/span><\/a><\/p>\n","protected":false},"author":2,"featured_media":9301,"comment_status":"closed","ping_status":"closed","sticky":false,"template":"","format":"standard","meta":{"footnotes":""},"categories":[3],"tags":[5508,5509],"class_list":["post-9300","post","type-post","status-publish","format-standard","has-post-thumbnail","hentry","category-kleve-in-foto-video","tag-foto-kreisarchiv-kleve-ewald-steiger-ka-kle-f6","tag-kleve-xcvii-4"],"_links":{"self":[{"href":"https:\/\/www.kle-blatt.de\/blog\/wp-json\/wp\/v2\/posts\/9300","targetHints":{"allow":["GET"]}}],"collection":[{"href":"https:\/\/www.kle-blatt.de\/blog\/wp-json\/wp\/v2\/posts"}],"about":[{"href":"https:\/\/www.kle-blatt.de\/blog\/wp-json\/wp\/v2\/types\/post"}],"author":[{"embeddable":true,"href":"https:\/\/www.kle-blatt.de\/blog\/wp-json\/wp\/v2\/users\/2"}],"replies":[{"embeddable":true,"href":"https:\/\/www.kle-blatt.de\/blog\/wp-json\/wp\/v2\/comments?post=9300"}],"version-history":[{"count":4,"href":"https:\/\/www.kle-blatt.de\/blog\/wp-json\/wp\/v2\/posts\/9300\/revisions"}],"predecessor-version":[{"id":28619,"href":"https:\/\/www.kle-blatt.de\/blog\/wp-json\/wp\/v2\/posts\/9300\/revisions\/28619"}],"wp:featuredmedia":[{"embeddable":true,"href":"https:\/\/www.kle-blatt.de\/blog\/wp-json\/wp\/v2\/media\/9301"}],"wp:attachment":[{"href":"https:\/\/www.kle-blatt.de\/blog\/wp-json\/wp\/v2\/media?parent=9300"}],"wp:term":[{"taxonomy":"category","embeddable":true,"href":"https:\/\/www.kle-blatt.de\/blog\/wp-json\/wp\/v2\/categories?post=9300"},{"taxonomy":"post_tag","embeddable":true,"href":"https:\/\/www.kle-blatt.de\/blog\/wp-json\/wp\/v2\/tags?post=9300"}],"curies":[{"name":"wp","href":"https:\/\/api.w.org\/{rel}","templated":true}]}}