{"id":9322,"date":"2026-04-28T06:30:43","date_gmt":"2026-04-28T04:30:43","guid":{"rendered":"http:\/\/www.kle-blatt.de\/blog\/?p=9322"},"modified":"2026-02-05T14:41:18","modified_gmt":"2026-02-05T12:41:18","slug":"der-fliegende-klever-schwan","status":"publish","type":"post","link":"https:\/\/www.kle-blatt.de\/blog\/kleve-in-foto-video\/der-fliegende-klever-schwan.html","title":{"rendered":"Interessant: Der fliegende Klever Schwan"},"content":{"rendered":"<p><strong>Interessant: Der fliegende Klever Schwan<\/strong><\/p>\n<p>Dabei handelte es sich um ein Segelflugzeug mit gleichem Namen.<br \/>\nWir sehen hier den Fluglehrer Stefan Hermanns beim Besteigen des Fliegers zum Start \u00fcber die Wisseler D\u00fcnen und stellen fest, das dieses Flugger\u00e4t tats\u00e4chlich auf den Namen &#8222;Klever Schwan&#8220; getauft wurde. Wie zum Beweis prangt auch noch ein Schwan-Logo unter dem Namenszug.<br \/>\nAber was ist das? Der Fluglehrer hat ein wei\u00dfes St\u00e4ngchen im Mund. Fieber-Thermometer? Oh je. \ud83d\ude42<\/p>\n<p><a href=\"http:\/\/www.kle-blatt.de\/blog\/wp-content\/uploads\/2014\/04\/segelflugzeug-klever-schwan.jpg\"><img loading=\"lazy\" decoding=\"async\" class=\"size-full wp-image-9323 aligncenter\" src=\"https:\/\/www.kle-blatt.de\/blog\/wp-content\/uploads\/2014\/04\/segelflugzeug-klever-schwan.jpg\" alt=\"Interessant: Der fliegende Klever Schwan\" width=\"850\" height=\"662\" \/><\/a><br \/>\n(Foto: \u00a9 Kreisarchiv Kleve \u2013 Carl Weinrother \u2013 KA Kle F6, 9)<\/p>\n","protected":false},"excerpt":{"rendered":"<p>Interessant: Der fliegende Klever Schwan Dabei handelte es sich um ein Segelflugzeug mit gleichem Namen. Wir sehen hier den Fluglehrer &hellip; <a href=\"https:\/\/www.kle-blatt.de\/blog\/kleve-in-foto-video\/der-fliegende-klever-schwan.html\" class=\"more-link\"><span class=\"more-button\">Weiterlesen<span class=\"screen-reader-text\">Interessant: Der fliegende Klever Schwan<\/span><\/span><\/a><\/p>\n","protected":false},"author":2,"featured_media":9323,"comment_status":"closed","ping_status":"closed","sticky":false,"template":"","format":"standard","meta":{"footnotes":""},"categories":[3],"tags":[2035],"class_list":["post-9322","post","type-post","status-publish","format-standard","has-post-thumbnail","hentry","category-kleve-in-foto-video","tag-der-fliegende-klever-schwan"],"_links":{"self":[{"href":"https:\/\/www.kle-blatt.de\/blog\/wp-json\/wp\/v2\/posts\/9322","targetHints":{"allow":["GET"]}}],"collection":[{"href":"https:\/\/www.kle-blatt.de\/blog\/wp-json\/wp\/v2\/posts"}],"about":[{"href":"https:\/\/www.kle-blatt.de\/blog\/wp-json\/wp\/v2\/types\/post"}],"author":[{"embeddable":true,"href":"https:\/\/www.kle-blatt.de\/blog\/wp-json\/wp\/v2\/users\/2"}],"replies":[{"embeddable":true,"href":"https:\/\/www.kle-blatt.de\/blog\/wp-json\/wp\/v2\/comments?post=9322"}],"version-history":[{"count":3,"href":"https:\/\/www.kle-blatt.de\/blog\/wp-json\/wp\/v2\/posts\/9322\/revisions"}],"predecessor-version":[{"id":28488,"href":"https:\/\/www.kle-blatt.de\/blog\/wp-json\/wp\/v2\/posts\/9322\/revisions\/28488"}],"wp:featuredmedia":[{"embeddable":true,"href":"https:\/\/www.kle-blatt.de\/blog\/wp-json\/wp\/v2\/media\/9323"}],"wp:attachment":[{"href":"https:\/\/www.kle-blatt.de\/blog\/wp-json\/wp\/v2\/media?parent=9322"}],"wp:term":[{"taxonomy":"category","embeddable":true,"href":"https:\/\/www.kle-blatt.de\/blog\/wp-json\/wp\/v2\/categories?post=9322"},{"taxonomy":"post_tag","embeddable":true,"href":"https:\/\/www.kle-blatt.de\/blog\/wp-json\/wp\/v2\/tags?post=9322"}],"curies":[{"name":"wp","href":"https:\/\/api.w.org\/{rel}","templated":true}]}}