{"id":9366,"date":"2023-04-07T07:00:20","date_gmt":"2023-04-07T05:00:20","guid":{"rendered":"http:\/\/www.kle-blatt.de\/blog\/?p=9366"},"modified":"2023-03-15T15:36:54","modified_gmt":"2023-03-15T13:36:54","slug":"gartenarbeit-im-kleve-der-fuenfziger","status":"publish","type":"post","link":"https:\/\/www.kle-blatt.de\/blog\/kleve-in-foto-video\/gartenarbeit-im-kleve-der-fuenfziger.html","title":{"rendered":"Gartenarbeit im Kleve der F\u00fcnfziger"},"content":{"rendered":"<p><strong>Gartenarbeit im Kleve der F\u00fcnfziger<\/strong><\/p>\n<p>Der Nachwuchs im Kinderwagen wurde schon fr\u00fch an die Gartenarbeit herangef\u00fchrt, auch wenn er anfangs nur viel zu gucken und zu bestaunen hatte.<br \/>\nIn den F\u00fcnfzigern geh\u00f6rte die Gartenarbeit noch nicht so zum Hobby und diente auch noch nicht als Ausgleichssport, sondern war Grundlage der Familien-Ern\u00e4hrung. Zierg\u00e4rten mit vielen Blumen konnten sich nur die reicheren Leute leisten. Die Mehrheit nutzte jeden Zoll der Grundst\u00fccksfl\u00e4che zum Anbau von Gem\u00fcse und Kartoffeln. Auch Obstb\u00e4ume und Obststr\u00e4ucher geh\u00f6rten dazu. Bei der Arbeit trug man damals wie selbstverst\u00e4ndlich noch Holzschuhe oder &#8222;Klompen&#8220; wie man sie nannte.<\/p>\n<p><a href=\"http:\/\/www.kle-blatt.de\/blog\/wp-content\/uploads\/2014\/04\/gartenarbeit-6.jpg\"><img loading=\"lazy\" decoding=\"async\" class=\"size-full wp-image-9367 aligncenter\" src=\"https:\/\/www.kle-blatt.de\/blog\/wp-content\/uploads\/2014\/04\/gartenarbeit-6.jpg\" alt=\"Gartenarbeit im Kleve der F\u00fcnfziger\" width=\"850\" height=\"598\" \/><\/a><br \/>\n(Foto: Fritz Getlinger \u2013 mit freundlicher Genehmigung von Frau Katrin Getlinger-Wessing)<\/p>\n","protected":false},"excerpt":{"rendered":"<p>Gartenarbeit im Kleve der F\u00fcnfziger Der Nachwuchs im Kinderwagen wurde schon fr\u00fch an die Gartenarbeit herangef\u00fchrt, auch wenn er anfangs &hellip; <a href=\"https:\/\/www.kle-blatt.de\/blog\/kleve-in-foto-video\/gartenarbeit-im-kleve-der-fuenfziger.html\" class=\"more-link\"><span class=\"more-button\">Weiterlesen<span class=\"screen-reader-text\">Gartenarbeit im Kleve der F\u00fcnfziger<\/span><\/span><\/a><\/p>\n","protected":false},"author":2,"featured_media":9367,"comment_status":"open","ping_status":"closed","sticky":false,"template":"","format":"standard","meta":{"footnotes":""},"categories":[3],"tags":[2047],"class_list":["post-9366","post","type-post","status-publish","format-standard","has-post-thumbnail","hentry","category-kleve-in-foto-video","tag-gartenarbeit-im-kleve-der-fuenfziger"],"_links":{"self":[{"href":"https:\/\/www.kle-blatt.de\/blog\/wp-json\/wp\/v2\/posts\/9366","targetHints":{"allow":["GET"]}}],"collection":[{"href":"https:\/\/www.kle-blatt.de\/blog\/wp-json\/wp\/v2\/posts"}],"about":[{"href":"https:\/\/www.kle-blatt.de\/blog\/wp-json\/wp\/v2\/types\/post"}],"author":[{"embeddable":true,"href":"https:\/\/www.kle-blatt.de\/blog\/wp-json\/wp\/v2\/users\/2"}],"replies":[{"embeddable":true,"href":"https:\/\/www.kle-blatt.de\/blog\/wp-json\/wp\/v2\/comments?post=9366"}],"version-history":[{"count":2,"href":"https:\/\/www.kle-blatt.de\/blog\/wp-json\/wp\/v2\/posts\/9366\/revisions"}],"predecessor-version":[{"id":31963,"href":"https:\/\/www.kle-blatt.de\/blog\/wp-json\/wp\/v2\/posts\/9366\/revisions\/31963"}],"wp:featuredmedia":[{"embeddable":true,"href":"https:\/\/www.kle-blatt.de\/blog\/wp-json\/wp\/v2\/media\/9367"}],"wp:attachment":[{"href":"https:\/\/www.kle-blatt.de\/blog\/wp-json\/wp\/v2\/media?parent=9366"}],"wp:term":[{"taxonomy":"category","embeddable":true,"href":"https:\/\/www.kle-blatt.de\/blog\/wp-json\/wp\/v2\/categories?post=9366"},{"taxonomy":"post_tag","embeddable":true,"href":"https:\/\/www.kle-blatt.de\/blog\/wp-json\/wp\/v2\/tags?post=9366"}],"curies":[{"name":"wp","href":"https:\/\/api.w.org\/{rel}","templated":true}]}}