{"id":9576,"date":"2022-05-30T06:00:16","date_gmt":"2022-05-30T04:00:16","guid":{"rendered":"http:\/\/www.kle-blatt.de\/blog\/?p=9576"},"modified":"2022-04-13T10:39:10","modified_gmt":"2022-04-13T08:39:10","slug":"ein-futuristisches-geraet-im-hafen-von-kleve","status":"publish","type":"post","link":"https:\/\/www.kle-blatt.de\/blog\/kleve-in-foto-video\/ein-futuristisches-geraet-im-hafen-von-kleve.html","title":{"rendered":"Ein futuristisches Ger\u00e4t im Hafen von Kleve"},"content":{"rendered":"<p><strong>Ein futuristisches Ger\u00e4t im Hafen von Kleve<\/strong><\/p>\n<p>Es kommt r\u00fcber wie aus dem Film &#8222;Krieg der Welten&#8220;. Um welches Ger\u00e4t handelt es sich hier im Vordergrund? Ein Schienenkran? Der steht wohl eher im Hintergrund des Bildes. Ein Hafenkran? Sicher ist, das es auf Schienen fortbewegt wird und man auch Schienenfahrzeuge hindurch fahren lassen kann. Aber oben drauf steht ein G\u00fcterwaggon. Oder tr\u00fcgt da der Schein?<br \/>\nSeltsam ist es allemal, aber ein fantastischer Anblick hindurch auf die Schwanenburg.<\/p>\n<p><a href=\"http:\/\/www.kle-blatt.de\/blog\/wp-content\/uploads\/2014\/04\/hafen-spoy.jpg\"><img loading=\"lazy\" decoding=\"async\" class=\"size-full wp-image-9577 aligncenter\" src=\"http:\/\/www.kle-blatt.de\/blog\/wp-content\/uploads\/2014\/04\/hafen-spoy.jpg\" alt=\"Ein futuristisches Ger\u00e4t im Hafen von Kleve\" width=\"850\" height=\"1092\" \/><\/a><br \/>\n(Foto: Fritz Getlinger \u2013 mit freundlicher Genehmigung von Frau Katrin Getlinger-Wessing)<\/p>\n","protected":false},"excerpt":{"rendered":"<p>Ein futuristisches Ger\u00e4t im Hafen von Kleve Es kommt r\u00fcber wie aus dem Film &#8222;Krieg der Welten&#8220;. Um welches Ger\u00e4t &hellip; <a href=\"https:\/\/www.kle-blatt.de\/blog\/kleve-in-foto-video\/ein-futuristisches-geraet-im-hafen-von-kleve.html\" class=\"more-link\"><span class=\"more-button\">Weiterlesen<span class=\"screen-reader-text\">Ein futuristisches Ger\u00e4t im Hafen von Kleve<\/span><\/span><\/a><\/p>\n","protected":false},"author":2,"featured_media":9577,"comment_status":"open","ping_status":"closed","sticky":false,"template":"","format":"standard","meta":{"footnotes":""},"categories":[3],"tags":[2085],"class_list":["post-9576","post","type-post","status-publish","format-standard","has-post-thumbnail","hentry","category-kleve-in-foto-video","tag-ein-futuristisches-geraet-im-hafen-von-kleve"],"_links":{"self":[{"href":"https:\/\/www.kle-blatt.de\/blog\/wp-json\/wp\/v2\/posts\/9576","targetHints":{"allow":["GET"]}}],"collection":[{"href":"https:\/\/www.kle-blatt.de\/blog\/wp-json\/wp\/v2\/posts"}],"about":[{"href":"https:\/\/www.kle-blatt.de\/blog\/wp-json\/wp\/v2\/types\/post"}],"author":[{"embeddable":true,"href":"https:\/\/www.kle-blatt.de\/blog\/wp-json\/wp\/v2\/users\/2"}],"replies":[{"embeddable":true,"href":"https:\/\/www.kle-blatt.de\/blog\/wp-json\/wp\/v2\/comments?post=9576"}],"version-history":[{"count":2,"href":"https:\/\/www.kle-blatt.de\/blog\/wp-json\/wp\/v2\/posts\/9576\/revisions"}],"predecessor-version":[{"id":30382,"href":"https:\/\/www.kle-blatt.de\/blog\/wp-json\/wp\/v2\/posts\/9576\/revisions\/30382"}],"wp:featuredmedia":[{"embeddable":true,"href":"https:\/\/www.kle-blatt.de\/blog\/wp-json\/wp\/v2\/media\/9577"}],"wp:attachment":[{"href":"https:\/\/www.kle-blatt.de\/blog\/wp-json\/wp\/v2\/media?parent=9576"}],"wp:term":[{"taxonomy":"category","embeddable":true,"href":"https:\/\/www.kle-blatt.de\/blog\/wp-json\/wp\/v2\/categories?post=9576"},{"taxonomy":"post_tag","embeddable":true,"href":"https:\/\/www.kle-blatt.de\/blog\/wp-json\/wp\/v2\/tags?post=9576"}],"curies":[{"name":"wp","href":"https:\/\/api.w.org\/{rel}","templated":true}]}}