{"id":9579,"date":"2023-05-12T07:00:09","date_gmt":"2023-05-12T05:00:09","guid":{"rendered":"http:\/\/www.kle-blatt.de\/blog\/?p=9579"},"modified":"2023-04-19T13:30:05","modified_gmt":"2023-04-19T11:30:05","slug":"das-goldene-kalb-aus-dem-reichswald","status":"publish","type":"post","link":"https:\/\/www.kle-blatt.de\/blog\/kleve-in-foto-video\/das-goldene-kalb-aus-dem-reichswald.html","title":{"rendered":"Was h\u00e4ltst Du davon? Das Goldene Kalb aus dem Reichswald"},"content":{"rendered":"<p><strong>Was h\u00e4ltst Du davon? Das Goldene Kalb aus dem Reichswald<\/strong><\/p>\n<p>Es steht auf dem Waldparkplatz M\u00fcllmannseck in der N\u00e4he seines Fundortes und ist ein gro\u00dfer Taunusquarzit.<br \/>\nSein Alter steht mit 3 Millionen Jahren auf der Hinweistafel, wobei Experten sagen, dass sich Taunusquarzite bereits vor 360 Millionen Jahren gebildet h\u00e4tten.<br \/>\nDas wirft zwei entscheidende Fragen auf:<br \/>\nWen interessiert das wirklich und wieso nennt man diesen Stein &#8222;Goldenes Kalb&#8220;?<br \/>\nDas &#8222;Goldene Kalb&#8220; ist nach der biblischen \u00dcberlieferung ein von den Israeliten und Aaron geschaffenes G\u00f6tzenbild, welches nach dem Auszug aus \u00c4gypten und w\u00e4hrend Moses auf dem Berg Sinai die zehn Gebote empfing, angebetet wurde.<br \/>\nHat man jemals jemanden dabei beobachtet, als er diesen Stein anbetete? Wer kam auf ein Kalb? Selbst bei gr\u00f6\u00dfter Fantasie findet man kaum eine \u00c4hnlichkeit. Oder doch? Das vermeintliche Gold wurde sicher l\u00e4ngst abgekratzt und bei Bares f\u00fcr Rares verkauft. \ud83d\ude09<\/p>\n<p><a href=\"http:\/\/www.kle-blatt.de\/blog\/wp-content\/uploads\/2014\/04\/das-goldene-kalb-23.jpg\"><img loading=\"lazy\" decoding=\"async\" class=\"size-full wp-image-9580 aligncenter\" src=\"https:\/\/www.kle-blatt.de\/blog\/wp-content\/uploads\/2014\/04\/das-goldene-kalb-23.jpg\" alt=\"Was h\u00e4ltst Du davon? Das Goldene Kalb aus dem Reichswald\" width=\"850\" height=\"1055\" \/><\/a><br \/>\n(Foto: &#8222;Der Reichswald&#8220; &#8211; Werner Kreuer)<\/p>\n","protected":false},"excerpt":{"rendered":"<p>Was h\u00e4ltst Du davon? Das Goldene Kalb aus dem Reichswald Es steht auf dem Waldparkplatz M\u00fcllmannseck in der N\u00e4he seines &hellip; <a href=\"https:\/\/www.kle-blatt.de\/blog\/kleve-in-foto-video\/das-goldene-kalb-aus-dem-reichswald.html\" class=\"more-link\"><span class=\"more-button\">Weiterlesen<span class=\"screen-reader-text\">Was h\u00e4ltst Du davon? Das Goldene Kalb aus dem Reichswald<\/span><\/span><\/a><\/p>\n","protected":false},"author":2,"featured_media":9580,"comment_status":"open","ping_status":"closed","sticky":false,"template":"","format":"standard","meta":{"footnotes":""},"categories":[3],"tags":[2086],"class_list":["post-9579","post","type-post","status-publish","format-standard","has-post-thumbnail","hentry","category-kleve-in-foto-video","tag-das-goldene-kalb-aus-dem-reichswald"],"_links":{"self":[{"href":"https:\/\/www.kle-blatt.de\/blog\/wp-json\/wp\/v2\/posts\/9579","targetHints":{"allow":["GET"]}}],"collection":[{"href":"https:\/\/www.kle-blatt.de\/blog\/wp-json\/wp\/v2\/posts"}],"about":[{"href":"https:\/\/www.kle-blatt.de\/blog\/wp-json\/wp\/v2\/types\/post"}],"author":[{"embeddable":true,"href":"https:\/\/www.kle-blatt.de\/blog\/wp-json\/wp\/v2\/users\/2"}],"replies":[{"embeddable":true,"href":"https:\/\/www.kle-blatt.de\/blog\/wp-json\/wp\/v2\/comments?post=9579"}],"version-history":[{"count":2,"href":"https:\/\/www.kle-blatt.de\/blog\/wp-json\/wp\/v2\/posts\/9579\/revisions"}],"predecessor-version":[{"id":32098,"href":"https:\/\/www.kle-blatt.de\/blog\/wp-json\/wp\/v2\/posts\/9579\/revisions\/32098"}],"wp:featuredmedia":[{"embeddable":true,"href":"https:\/\/www.kle-blatt.de\/blog\/wp-json\/wp\/v2\/media\/9580"}],"wp:attachment":[{"href":"https:\/\/www.kle-blatt.de\/blog\/wp-json\/wp\/v2\/media?parent=9579"}],"wp:term":[{"taxonomy":"category","embeddable":true,"href":"https:\/\/www.kle-blatt.de\/blog\/wp-json\/wp\/v2\/categories?post=9579"},{"taxonomy":"post_tag","embeddable":true,"href":"https:\/\/www.kle-blatt.de\/blog\/wp-json\/wp\/v2\/tags?post=9579"}],"curies":[{"name":"wp","href":"https:\/\/api.w.org\/{rel}","templated":true}]}}