{"id":961,"date":"2024-01-09T06:00:58","date_gmt":"2024-01-09T04:00:58","guid":{"rendered":"http:\/\/www.kle-blatt.de\/blog\/?p=961"},"modified":"2023-12-11T13:56:30","modified_gmt":"2023-12-11T11:56:30","slug":"alte-kinderheim-munze","status":"publish","type":"post","link":"https:\/\/www.kle-blatt.de\/blog\/kleve-in-foto-video\/aus-dem-privatalbum\/alte-kinderheim-munze.html","title":{"rendered":"Gekannt? Altes Kinderheim M\u00fcnze in Kleve"},"content":{"rendered":"<p><strong>Gekannt? Altes Kinderheim M\u00fcnze in Kleve<\/strong><\/p>\n<p>Das alte Kinderheim &#8222;M\u00fcnze&#8220; ist vielen Klevern noch bekannt. 2008 wurden die Geb\u00e4ude abgerissen und die Fl\u00e4che wird heute teilweise als Parkplatz genutzt.<\/p>\n<p><img loading=\"lazy\" decoding=\"async\" class=\"size-full wp-image-962 aligncenter\" src=\"https:\/\/www.kle-blatt.de\/blog\/wp-content\/uploads\/2013\/01\/muenze.jpg\" alt=\"Gekannt? Altes Kinderheim M\u00fcnze in Kleve\" width=\"850\" height=\"520\" \/><br \/>\n(Foto: KLE-Blatt)<\/p>\n","protected":false},"excerpt":{"rendered":"<p>Gekannt? Altes Kinderheim M\u00fcnze in Kleve Das alte Kinderheim &#8222;M\u00fcnze&#8220; ist vielen Klevern noch bekannt. 2008 wurden die Geb\u00e4ude abgerissen &hellip; <a href=\"https:\/\/www.kle-blatt.de\/blog\/kleve-in-foto-video\/aus-dem-privatalbum\/alte-kinderheim-munze.html\" class=\"more-link\"><span class=\"more-button\">Weiterlesen<span class=\"screen-reader-text\">Gekannt? Altes Kinderheim M\u00fcnze in Kleve<\/span><\/span><\/a><\/p>\n","protected":false},"author":2,"featured_media":962,"comment_status":"closed","ping_status":"closed","sticky":false,"template":"","format":"standard","meta":{"footnotes":""},"categories":[20],"tags":[546],"class_list":["post-961","post","type-post","status-publish","format-standard","has-post-thumbnail","hentry","category-aus-dem-privatalbum","tag-altes-kinderheim-munze-in-kleve"],"_links":{"self":[{"href":"https:\/\/www.kle-blatt.de\/blog\/wp-json\/wp\/v2\/posts\/961","targetHints":{"allow":["GET"]}}],"collection":[{"href":"https:\/\/www.kle-blatt.de\/blog\/wp-json\/wp\/v2\/posts"}],"about":[{"href":"https:\/\/www.kle-blatt.de\/blog\/wp-json\/wp\/v2\/types\/post"}],"author":[{"embeddable":true,"href":"https:\/\/www.kle-blatt.de\/blog\/wp-json\/wp\/v2\/users\/2"}],"replies":[{"embeddable":true,"href":"https:\/\/www.kle-blatt.de\/blog\/wp-json\/wp\/v2\/comments?post=961"}],"version-history":[{"count":2,"href":"https:\/\/www.kle-blatt.de\/blog\/wp-json\/wp\/v2\/posts\/961\/revisions"}],"predecessor-version":[{"id":33001,"href":"https:\/\/www.kle-blatt.de\/blog\/wp-json\/wp\/v2\/posts\/961\/revisions\/33001"}],"wp:featuredmedia":[{"embeddable":true,"href":"https:\/\/www.kle-blatt.de\/blog\/wp-json\/wp\/v2\/media\/962"}],"wp:attachment":[{"href":"https:\/\/www.kle-blatt.de\/blog\/wp-json\/wp\/v2\/media?parent=961"}],"wp:term":[{"taxonomy":"category","embeddable":true,"href":"https:\/\/www.kle-blatt.de\/blog\/wp-json\/wp\/v2\/categories?post=961"},{"taxonomy":"post_tag","embeddable":true,"href":"https:\/\/www.kle-blatt.de\/blog\/wp-json\/wp\/v2\/tags?post=961"}],"curies":[{"name":"wp","href":"https:\/\/api.w.org\/{rel}","templated":true}]}}