{"id":9633,"date":"2019-05-03T07:00:38","date_gmt":"2019-05-03T05:00:38","guid":{"rendered":"http:\/\/www.kle-blatt.de\/blog\/?p=9633"},"modified":"2019-04-13T10:34:13","modified_gmt":"2019-04-13T08:34:13","slug":"als-ceres-noch-im-tempel-in-kleve-stand","status":"publish","type":"post","link":"https:\/\/www.kle-blatt.de\/blog\/kleve-in-foto-video\/als-ceres-noch-im-tempel-in-kleve-stand.html","title":{"rendered":"Als Ceres noch im Tempel in Kleve stand"},"content":{"rendered":"<p><strong>Als Ceres noch im Tempel in Kleve stand<\/strong><\/p>\n<p>Als Ceres noch im Tempel in Kleve stand, konnte man die altitalienische G\u00f6ttin des Wachstums und Gedeihens noch so wie auf dieser alten Karte zu sehen ist, bewundern. Sie war in Sandstein gegossen und ersetzte derzeit eine nackte Venus, die vorher auf dem Sockel gestanden hatte, den Klevern aber suspekt war und sie sich daf\u00fcr sch\u00e4mten. Es waren halt andere Zeiten. Die nackte Venus wurde kurzerhand nach D\u00fcsseldorf verschenkt, wo sie im Garten des Malkastens eine endg\u00fcltige Bleibe fand.<br \/>\nDie Figur der Ceres, wie wir sie hier sehen, verschwand in den letzten Kriegswirren spurlos und wurde auch nicht ersetzt.<br \/>\nK\u00f6nnte man ja mal wieder dr\u00fcber nachdenken.<\/p>\n<p><a href=\"http:\/\/www.kle-blatt.de\/blog\/wp-content\/uploads\/2014\/05\/cerestempel-42-1.jpg\"><img loading=\"lazy\" decoding=\"async\" class=\"alignleft size-full wp-image-9636\" src=\"http:\/\/www.kle-blatt.de\/blog\/wp-content\/uploads\/2014\/05\/cerestempel-42-1.jpg\" alt=\"Als Ceres noch im Tempel in Kleve stand\" width=\"850\" height=\"1307\" \/><\/a><\/p>\n","protected":false},"excerpt":{"rendered":"<p>Als Ceres noch im Tempel in Kleve stand Als Ceres noch im Tempel in Kleve stand, konnte man die altitalienische &hellip; <a href=\"https:\/\/www.kle-blatt.de\/blog\/kleve-in-foto-video\/als-ceres-noch-im-tempel-in-kleve-stand.html\" class=\"more-link\"><span class=\"more-button\">Weiterlesen<span class=\"screen-reader-text\">Als Ceres noch im Tempel in Kleve stand<\/span><\/span><\/a><\/p>\n","protected":false},"author":2,"featured_media":0,"comment_status":"open","ping_status":"closed","sticky":false,"template":"","format":"standard","meta":{"footnotes":""},"categories":[3],"tags":[2100],"class_list":["post-9633","post","type-post","status-publish","format-standard","hentry","category-kleve-in-foto-video","tag-als-ceres-noch-im-tempel-in-kleve-stand"],"_links":{"self":[{"href":"https:\/\/www.kle-blatt.de\/blog\/wp-json\/wp\/v2\/posts\/9633","targetHints":{"allow":["GET"]}}],"collection":[{"href":"https:\/\/www.kle-blatt.de\/blog\/wp-json\/wp\/v2\/posts"}],"about":[{"href":"https:\/\/www.kle-blatt.de\/blog\/wp-json\/wp\/v2\/types\/post"}],"author":[{"embeddable":true,"href":"https:\/\/www.kle-blatt.de\/blog\/wp-json\/wp\/v2\/users\/2"}],"replies":[{"embeddable":true,"href":"https:\/\/www.kle-blatt.de\/blog\/wp-json\/wp\/v2\/comments?post=9633"}],"version-history":[{"count":0,"href":"https:\/\/www.kle-blatt.de\/blog\/wp-json\/wp\/v2\/posts\/9633\/revisions"}],"wp:attachment":[{"href":"https:\/\/www.kle-blatt.de\/blog\/wp-json\/wp\/v2\/media?parent=9633"}],"wp:term":[{"taxonomy":"category","embeddable":true,"href":"https:\/\/www.kle-blatt.de\/blog\/wp-json\/wp\/v2\/categories?post=9633"},{"taxonomy":"post_tag","embeddable":true,"href":"https:\/\/www.kle-blatt.de\/blog\/wp-json\/wp\/v2\/tags?post=9633"}],"curies":[{"name":"wp","href":"https:\/\/api.w.org\/{rel}","templated":true}]}}