{"id":9684,"date":"2018-05-15T07:10:32","date_gmt":"2018-05-15T05:10:32","guid":{"rendered":"http:\/\/www.kle-blatt.de\/blog\/?p=9684"},"modified":"2018-04-05T11:19:53","modified_gmt":"2018-04-05T09:19:53","slug":"die-jugendherberge-auf-dem-klever-annaberg","status":"publish","type":"post","link":"https:\/\/www.kle-blatt.de\/blog\/kleve-in-foto-video\/die-jugendherberge-auf-dem-klever-annaberg.html","title":{"rendered":"Die Jugendherberge auf dem Klever Annaberg"},"content":{"rendered":"<p><strong>Die Jugendherberge auf dem Klever Annaberg<\/strong><\/p>\n<p>Wir sehen sie hier in fr\u00fcheren Jahren. Oberhalb von Materborn gelegen pr\u00e4sentiert sich die Institution heute modern und freundlich und bietet so Einiges f\u00fcr ihre G\u00e4ste.<br \/>\nWer mehr Informationen dazu haben m\u00f6chte, geht einfach hierhin:<\/p>\n<p><a title=\"Jugendherberge Kleve\" href=\"http:\/\/www.kle-blatt.de\/blog\/kleve\/die-jugendherberge-in-kleve.html\" target=\"_blank\" rel=\"noopener\"><span style=\"color: #ff0000;\"><strong>KLICK MICH!<\/strong><\/span><\/a><\/p>\n<p><a href=\"http:\/\/www.kle-blatt.de\/blog\/wp-content\/uploads\/2014\/05\/001-jugendherberge-materborn.jpg\"><img loading=\"lazy\" decoding=\"async\" class=\"alignleft size-full wp-image-9685\" src=\"http:\/\/www.kle-blatt.de\/blog\/wp-content\/uploads\/2014\/05\/001-jugendherberge-materborn.jpg\" alt=\"Die Jugendherberge auf dem Klever Annaberg\" width=\"849\" height=\"560\" \/><\/a><\/p>\n","protected":false},"excerpt":{"rendered":"<p>Die Jugendherberge auf dem Klever Annaberg Wir sehen sie hier in fr\u00fcheren Jahren. Oberhalb von Materborn gelegen pr\u00e4sentiert sich die &hellip; <a href=\"https:\/\/www.kle-blatt.de\/blog\/kleve-in-foto-video\/die-jugendherberge-auf-dem-klever-annaberg.html\" class=\"more-link\"><span class=\"more-button\">Weiterlesen<span class=\"screen-reader-text\">Die Jugendherberge auf dem Klever Annaberg<\/span><\/span><\/a><\/p>\n","protected":false},"author":2,"featured_media":0,"comment_status":"open","ping_status":"closed","sticky":false,"template":"","format":"standard","meta":{"footnotes":""},"categories":[3],"tags":[2113],"class_list":["post-9684","post","type-post","status-publish","format-standard","hentry","category-kleve-in-foto-video","tag-die-jugendherberge-auf-dem-klever-annaberg"],"_links":{"self":[{"href":"https:\/\/www.kle-blatt.de\/blog\/wp-json\/wp\/v2\/posts\/9684","targetHints":{"allow":["GET"]}}],"collection":[{"href":"https:\/\/www.kle-blatt.de\/blog\/wp-json\/wp\/v2\/posts"}],"about":[{"href":"https:\/\/www.kle-blatt.de\/blog\/wp-json\/wp\/v2\/types\/post"}],"author":[{"embeddable":true,"href":"https:\/\/www.kle-blatt.de\/blog\/wp-json\/wp\/v2\/users\/2"}],"replies":[{"embeddable":true,"href":"https:\/\/www.kle-blatt.de\/blog\/wp-json\/wp\/v2\/comments?post=9684"}],"version-history":[{"count":0,"href":"https:\/\/www.kle-blatt.de\/blog\/wp-json\/wp\/v2\/posts\/9684\/revisions"}],"wp:attachment":[{"href":"https:\/\/www.kle-blatt.de\/blog\/wp-json\/wp\/v2\/media?parent=9684"}],"wp:term":[{"taxonomy":"category","embeddable":true,"href":"https:\/\/www.kle-blatt.de\/blog\/wp-json\/wp\/v2\/categories?post=9684"},{"taxonomy":"post_tag","embeddable":true,"href":"https:\/\/www.kle-blatt.de\/blog\/wp-json\/wp\/v2\/tags?post=9684"}],"curies":[{"name":"wp","href":"https:\/\/api.w.org\/{rel}","templated":true}]}}